{"id":3574,"date":"2015-08-12T21:42:31","date_gmt":"2015-08-12T21:42:31","guid":{"rendered":"https:\/\/armstrongyregion.com.ar\/diario\/?p=3574"},"modified":"2015-08-12T21:42:31","modified_gmt":"2015-08-12T21:42:31","slug":"diego-mansilla-celebro-el-triunfo-en-la-categoria-parlamentario-del-mercosur","status":"publish","type":"post","link":"https:\/\/armstrongyregion.com.ar\/diario\/diego-mansilla-celebro-el-triunfo-en-la-categoria-parlamentario-del-mercosur\/","title":{"rendered":"Diego Mansilla celebr\u00f3 el triunfo en la categor\u00eda Parlamentario del Mercosur."},"content":{"rendered":"<p><a href=\"http:\/\/armstrongyregion.com.ar\/diario\/wp-content\/uploads\/2015\/08\/candidatos-fpv-1.jpg\"><img loading=\"lazy\" decoding=\"async\" class=\"alignnone size-medium wp-image-3575\" src=\"http:\/\/armstrongyregion.com.ar\/diario\/wp-content\/uploads\/2015\/08\/candidatos-fpv-1-300x169.jpg\" alt=\"candidatos-Armstrong-y-region-\" width=\"300\" height=\"169\" srcset=\"https:\/\/armstrongyregion.com.ar\/diario\/wp-content\/uploads\/2015\/08\/candidatos-fpv-1-300x169.jpg 300w, https:\/\/armstrongyregion.com.ar\/diario\/wp-content\/uploads\/2015\/08\/candidatos-fpv-1-1024x576.jpg 1024w, https:\/\/armstrongyregion.com.ar\/diario\/wp-content\/uploads\/2015\/08\/candidatos-fpv-1.jpg 1280w\" sizes=\"auto, (max-width: 300px) 100vw, 300px\" \/><\/a>\u201cEstamos apreciando cu\u00e1nto se valoran los logros obtenidos desde 2003\u201d<\/p>\n<p>\u201cCon esta elecci\u00f3n y con la general en octubre estamos apreciando y vamos a poder apreciar cu\u00e1nto valora el pueblo argentino los logros obtenidos desde el 2003, que instalaron un nuevo horizonte, el del desarrollo, el empleo, el acceso a derechos\u201d, dijo Diego Mansilla, quien fuera el candidato a parlamentario del Mercosur m\u00e1s votado en las recientes Primarias Abiertas, Simult\u00e1neas y Obligatorias nacionales, con m\u00e1s del 34 por ciento de los sufragios.<\/p>\n<p>El candidato del Frente para la Victoria santafesino obtuvo m\u00e1s de 520 mil votos y super\u00f3 claramente a los postulantes de Cambiemos (28 por ciento), UNA (19,28 por ciento) y el Frente Progresista (11 por ciento).<\/p>\n<p>\u201cEl Parlasur es un \u00e1mbito de integraci\u00f3n continental que nosotros valoramos much\u00edsimo, porque permitir\u00e1 avanzar a partir de la complementaci\u00f3n, de la planificaci\u00f3n, del acuerdo entre pa\u00edses que apostamos a la consolidaci\u00f3n de la Patria Grande que so\u00f1aron nuestros pr\u00f3ceres\u201d, remarc\u00f3 Mansilla. Adem\u00e1s, record\u00f3 que \u201ceste a\u00f1o es la primera vez\u201d que Argentina elige a sus representantes en el Parlasur, el cuerpo legislativo del Mercosur, a trav\u00e9s del voto popular, cumpliendo as\u00ed con el Acta Constitutivo del Parlamento del Mercosur del a\u00f1o 2005.<\/p>\n<p>En cuanto a los resultados de las primarias, celebr\u00f3 \u201cel triunfo de Daniel Scioli y Carlos Zannini, de Omar Perotti y Marinilin Sacnun en senadores, de Marcos Cleri y toda la lista de diputados\u201d.<\/p>\n<p>\u201cCon todo el peronismo santafesino, seguiremos trabajando y militando de cara al 25 de octubre para darle a nuestro proyecto nacional un fuerte respaldo desde Santa Fe, con la fuerza, la responsabilidad y el compromiso de cada compa\u00f1ero en cada rinc\u00f3n de la provincia, con las conquistas y banderas recuperadas con N\u00e9stor y Cristina en estos a\u00f1os\u201d, asegur\u00f3 Mansilla. \u201cCon nuestra f\u00f3rmula presidencial seguiremos avanzando hacia un futuro mejor, en donde junto a los productores, nuestras industrias, los trabajadores y las instituciones, caminemos unidos por un mayor desarrollo, con generaci\u00f3n de empleo e inclusi\u00f3n social, en el cual la integraci\u00f3n latinoamericana y la consolidaci\u00f3n del Mercosur sean ejes centrales para tener un pa\u00eds d\u00eda a d\u00eda m\u00e1s justo, libre y soberano\u00bb, expres\u00f3 el candidato al Parlasur del FPV santafesino.<\/p>\n","protected":false},"excerpt":{"rendered":"<p>\u201cEstamos apreciando cu\u00e1nto se valoran los logros obtenidos desde 2003\u201d \u201cCon esta elecci\u00f3n y con la general en octubre estamos apreciando y vamos a poder apreciar cu\u00e1nto valora el pueblo argentino los logros obtenidos desde el 2003, que instalaron un nuevo horizonte, el del desarrollo, el empleo, el acceso a derechos\u201d, dijo Diego Mansilla, quien <a href=\"https:\/\/armstrongyregion.com.ar\/diario\/diego-mansilla-celebro-el-triunfo-en-la-categoria-parlamentario-del-mercosur\/\" title=\"Read more\" >&#8230;<\/a><\/p>\n","protected":false},"author":2,"featured_media":3575,"comment_status":"open","ping_status":"open","sticky":false,"template":"","format":"standard","meta":{"_jetpack_memberships_contains_paid_content":false,"footnotes":"","jetpack_publicize_message":"","jetpack_publicize_feature_enabled":true,"jetpack_social_post_already_shared":false,"jetpack_social_options":{"image_generator_settings":{"template":"highway","default_image_id":0,"enabled":false},"version":2}},"categories":[1,2,7,3],"tags":[2507,2040,53,990,16,15,31,991,2436,2435,1468],"class_list":["post-3574","post","type-post","status-publish","format-standard","has-post-thumbnail","hentry","category-diario-armstrong","category-locales","category-politica","category-region","tag-categoria","tag-celebro","tag-del","tag-diego","tag-el","tag-en","tag-la","tag-mansilla","tag-mercosur","tag-parlamentario","tag-triunfo"],"jetpack_publicize_connections":[],"jetpack_featured_media_url":"https:\/\/armstrongyregion.com.ar\/diario\/wp-content\/uploads\/2015\/08\/candidatos-fpv-1.jpg","jetpack_shortlink":"https:\/\/wp.me\/p62QDO-VE","jetpack_sharing_enabled":true,"amp_enabled":true,"_links":{"self":[{"href":"https:\/\/armstrongyregion.com.ar\/diario\/wp-json\/wp\/v2\/posts\/3574","targetHints":{"allow":["GET"]}}],"collection":[{"href":"https:\/\/armstrongyregion.com.ar\/diario\/wp-json\/wp\/v2\/posts"}],"about":[{"href":"https:\/\/armstrongyregion.com.ar\/diario\/wp-json\/wp\/v2\/types\/post"}],"author":[{"embeddable":true,"href":"https:\/\/armstrongyregion.com.ar\/diario\/wp-json\/wp\/v2\/users\/2"}],"replies":[{"embeddable":true,"href":"https:\/\/armstrongyregion.com.ar\/diario\/wp-json\/wp\/v2\/comments?post=3574"}],"version-history":[{"count":0,"href":"https:\/\/armstrongyregion.com.ar\/diario\/wp-json\/wp\/v2\/posts\/3574\/revisions"}],"wp:featuredmedia":[{"embeddable":true,"href":"https:\/\/armstrongyregion.com.ar\/diario\/wp-json\/wp\/v2\/media\/3575"}],"wp:attachment":[{"href":"https:\/\/armstrongyregion.com.ar\/diario\/wp-json\/wp\/v2\/media?parent=3574"}],"wp:term":[{"taxonomy":"category","embeddable":true,"href":"https:\/\/armstrongyregion.com.ar\/diario\/wp-json\/wp\/v2\/categories?post=3574"},{"taxonomy":"post_tag","embeddable":true,"href":"https:\/\/armstrongyregion.com.ar\/diario\/wp-json\/wp\/v2\/tags?post=3574"}],"curies":[{"name":"wp","href":"https:\/\/api.w.org\/{rel}","templated":true}]}}