{"id":35724,"date":"2022-09-07T22:55:32","date_gmt":"2022-09-07T22:55:32","guid":{"rendered":"https:\/\/armstrongyregion.com.ar\/diario\/?p=35724"},"modified":"2022-09-07T22:55:34","modified_gmt":"2022-09-07T22:55:34","slug":"renovacion-por-armstrong-presento-una-adhesion-a-la-ley-para-frenar-los-ciberdelitos-y-la-creacion-de-un-centro-provincial-de-ciberproteccion","status":"publish","type":"post","link":"https:\/\/armstrongyregion.com.ar\/diario\/renovacion-por-armstrong-presento-una-adhesion-a-la-ley-para-frenar-los-ciberdelitos-y-la-creacion-de-un-centro-provincial-de-ciberproteccion\/","title":{"rendered":"Renovaci\u00f3n por Armstrong present\u00f3 una adhesi\u00f3n a la \u00a0ley para frenar los ciberdelitos, y la creaci\u00f3n de un Centro Provincial de Ciberprotecci\u00f3n."},"content":{"rendered":"\n<figure class=\"wp-block-image size-large\"><img loading=\"lazy\" decoding=\"async\" width=\"758\" height=\"563\" src=\"http:\/\/armstrongyregion.com.ar\/diario\/wp-content\/uploads\/2022\/09\/Emiliano-Gramigna-7-9-22-.jpg\" alt=\"\" class=\"wp-image-35725\" srcset=\"https:\/\/armstrongyregion.com.ar\/diario\/wp-content\/uploads\/2022\/09\/Emiliano-Gramigna-7-9-22-.jpg 758w, https:\/\/armstrongyregion.com.ar\/diario\/wp-content\/uploads\/2022\/09\/Emiliano-Gramigna-7-9-22--300x223.jpg 300w\" sizes=\"auto, (max-width: 758px) 100vw, 758px\" \/><\/figure>\n\n\n\n<p>\nEl\nconcejal de Renovaci\u00f3n por Armstrong, Emiliano Gramigna, en dialogo\ncon los medios locales expresaba: \u201cHoy presentamos una declaraci\u00f3n\npara adherir a un proyecto que se present\u00f3 en la c\u00e1mara de\ndiputados de la pcia. de Santa F\u00e9 respecto de lo que son los delitos\ncibern\u00e9ticos o ciberdelitos , los cuales tienen por objeto vulnerar\nla proteccion de datos por sobre todo en operaciones financieras  y\nbases de datos que tienen plataformas virtuales que hoy funcionan en\nel ciberespacio\u201d.<\/p>\n\n\n\n<h2 class=\"wp-block-heading\">Luego\ninform\u00f3: \u201cEspec\u00edficamente el diputado Cachi Mart\u00ednez impulsa una\nley para frenar los ciberdelitos, y la creaci\u00f3n de un \u00abCentro\nProvincial de Ciberprotecci\u00f3n\u00bb.<\/h2>\n\n\n\n<p><strong>\u201cAmbas\nbuscan cambiar los marcos legales de la provincia<\/strong>&nbsp;ante\nla proliferaci\u00f3n de ciberataques y modificar las leyes vigentes para\nenfrentar los desaf\u00edos que la tecnolog\u00eda plantea a la hora de\nperseguir e investigar delitos. Adem\u00e1s, solicit\u00f3 que desde El\nObservatorio de V\u00edctimas de Delitos se realicen&nbsp;<strong>Audiencias\nP\u00fablicas sobre esta problem\u00e1tica\u201d<\/strong>.\nConcluy\u00f3 Gramigna.<\/p>\n","protected":false},"excerpt":{"rendered":"<p>El concejal de Renovaci\u00f3n por Armstrong, Emiliano Gramigna, en dialogo con los medios locales expresaba: \u201cHoy presentamos una declaraci\u00f3n para adherir a un proyecto que se present\u00f3 en la c\u00e1mara de diputados de la pcia. de Santa F\u00e9 respecto de lo que son los delitos cibern\u00e9ticos o ciberdelitos , los cuales tienen por objeto vulnerar <a href=\"https:\/\/armstrongyregion.com.ar\/diario\/renovacion-por-armstrong-presento-una-adhesion-a-la-ley-para-frenar-los-ciberdelitos-y-la-creacion-de-un-centro-provincial-de-ciberproteccion\/\" title=\"Read more\" >&#8230;<\/a><\/p>\n","protected":false},"author":1,"featured_media":35725,"comment_status":"open","ping_status":"open","sticky":false,"template":"","format":"image","meta":{"_jetpack_memberships_contains_paid_content":false,"footnotes":"","jetpack_publicize_message":"","jetpack_publicize_feature_enabled":true,"jetpack_social_post_already_shared":true,"jetpack_social_options":{"image_generator_settings":{"template":"highway","default_image_id":0,"enabled":false},"version":2}},"categories":[8,1,2,7,3],"tags":[],"class_list":["post-35724","post","type-post","status-publish","format-image","has-post-thumbnail","hentry","category-deliberando","category-diario-armstrong","category-locales","category-politica","category-region","post_format-post-format-image"],"jetpack_publicize_connections":[],"jetpack_featured_media_url":"https:\/\/armstrongyregion.com.ar\/diario\/wp-content\/uploads\/2022\/09\/Emiliano-Gramigna-7-9-22-.jpg","jetpack_shortlink":"https:\/\/wp.me\/p62QDO-9ic","jetpack_sharing_enabled":true,"amp_enabled":true,"_links":{"self":[{"href":"https:\/\/armstrongyregion.com.ar\/diario\/wp-json\/wp\/v2\/posts\/35724","targetHints":{"allow":["GET"]}}],"collection":[{"href":"https:\/\/armstrongyregion.com.ar\/diario\/wp-json\/wp\/v2\/posts"}],"about":[{"href":"https:\/\/armstrongyregion.com.ar\/diario\/wp-json\/wp\/v2\/types\/post"}],"author":[{"embeddable":true,"href":"https:\/\/armstrongyregion.com.ar\/diario\/wp-json\/wp\/v2\/users\/1"}],"replies":[{"embeddable":true,"href":"https:\/\/armstrongyregion.com.ar\/diario\/wp-json\/wp\/v2\/comments?post=35724"}],"version-history":[{"count":1,"href":"https:\/\/armstrongyregion.com.ar\/diario\/wp-json\/wp\/v2\/posts\/35724\/revisions"}],"predecessor-version":[{"id":35726,"href":"https:\/\/armstrongyregion.com.ar\/diario\/wp-json\/wp\/v2\/posts\/35724\/revisions\/35726"}],"wp:featuredmedia":[{"embeddable":true,"href":"https:\/\/armstrongyregion.com.ar\/diario\/wp-json\/wp\/v2\/media\/35725"}],"wp:attachment":[{"href":"https:\/\/armstrongyregion.com.ar\/diario\/wp-json\/wp\/v2\/media?parent=35724"}],"wp:term":[{"taxonomy":"category","embeddable":true,"href":"https:\/\/armstrongyregion.com.ar\/diario\/wp-json\/wp\/v2\/categories?post=35724"},{"taxonomy":"post_tag","embeddable":true,"href":"https:\/\/armstrongyregion.com.ar\/diario\/wp-json\/wp\/v2\/tags?post=35724"}],"curies":[{"name":"wp","href":"https:\/\/api.w.org\/{rel}","templated":true}]}}