{"id":35704,"date":"2022-09-07T12:22:02","date_gmt":"2022-09-07T12:22:02","guid":{"rendered":"https:\/\/armstrongyregion.com.ar\/diario\/?p=35704"},"modified":"2022-09-07T12:22:05","modified_gmt":"2022-09-07T12:22:05","slug":"salutacion-a-los-trabajadores-metalurgicos-2","status":"publish","type":"post","link":"https:\/\/armstrongyregion.com.ar\/diario\/salutacion-a-los-trabajadores-metalurgicos-2\/","title":{"rendered":"Salutaci\u00f3n a los Trabajadores Metal\u00fargicos."},"content":{"rendered":"\n<figure class=\"wp-block-image size-large\"><img loading=\"lazy\" decoding=\"async\" width=\"384\" height=\"385\" src=\"http:\/\/armstrongyregion.com.ar\/diario\/wp-content\/uploads\/2022\/09\/dia-del-metalurgico-1.jpg\" alt=\"\" class=\"wp-image-35705\" srcset=\"https:\/\/armstrongyregion.com.ar\/diario\/wp-content\/uploads\/2022\/09\/dia-del-metalurgico-1.jpg 384w, https:\/\/armstrongyregion.com.ar\/diario\/wp-content\/uploads\/2022\/09\/dia-del-metalurgico-1-300x300.jpg 300w, https:\/\/armstrongyregion.com.ar\/diario\/wp-content\/uploads\/2022\/09\/dia-del-metalurgico-1-150x150.jpg 150w\" sizes=\"auto, (max-width: 384px) 100vw, 384px\" \/><\/figure>\n\n\n\n<p>\nEl Intendente Municipal Dr. Pablo Verdecchia en nombre de toda la\ncomunidad hace llegar un afectuoso saludo a todos los trabajadores\nmetal\u00fargicos en su d\u00eda, pieza clave en el desarrollo del engranaje\nde la industria y protagonistas de una de las principales actividades\ndel pa\u00eds a lo  largo de d\u00e9cadas.<\/p>\n\n\n\n<p>Este d\u00eda es en homenaje al\nnacimiento, el 7 de septiembre de 1784, de Fray Luis Beltr\u00e1n,\nmiembro de la orden franciscana que tuvo a su cargo la tarea de\nfabricante y organizador de la artiller\u00eda del Ej\u00e9rcito de Los\nAndes, comandado por el general Jos\u00e9 de San Mart\u00edn, y pionero en\nentender que la riqueza mineral del pa\u00eds pod\u00eda prestar servicios\nvalios\u00edsimos en la lucha por la independencia. \n<\/p>\n\n\n\n<p>Feliz D\u00eda a todos los hogares de la\nfamilia metal\u00fargica&nbsp;de nuestra ciudad!<\/p>\n","protected":false},"excerpt":{"rendered":"<p>El Intendente Municipal Dr. Pablo Verdecchia en nombre de toda la comunidad hace llegar un afectuoso saludo a todos los trabajadores metal\u00fargicos en su d\u00eda, pieza clave en el desarrollo del engranaje de la industria y protagonistas de una de las principales actividades del pa\u00eds a lo largo de d\u00e9cadas. Este d\u00eda es en homenaje <a href=\"https:\/\/armstrongyregion.com.ar\/diario\/salutacion-a-los-trabajadores-metalurgicos-2\/\" title=\"Read more\" >&#8230;<\/a><\/p>\n","protected":false},"author":1,"featured_media":35705,"comment_status":"open","ping_status":"open","sticky":false,"template":"","format":"image","meta":{"_jetpack_memberships_contains_paid_content":false,"footnotes":"","jetpack_publicize_message":"","jetpack_publicize_feature_enabled":true,"jetpack_social_post_already_shared":true,"jetpack_social_options":{"image_generator_settings":{"template":"highway","default_image_id":0,"enabled":false},"version":2}},"categories":[8,1,2,7],"tags":[],"class_list":["post-35704","post","type-post","status-publish","format-image","has-post-thumbnail","hentry","category-deliberando","category-diario-armstrong","category-locales","category-politica","post_format-post-format-image"],"jetpack_publicize_connections":[],"jetpack_featured_media_url":"https:\/\/armstrongyregion.com.ar\/diario\/wp-content\/uploads\/2022\/09\/dia-del-metalurgico-1.jpg","jetpack_shortlink":"https:\/\/wp.me\/p62QDO-9hS","jetpack_sharing_enabled":true,"amp_enabled":true,"_links":{"self":[{"href":"https:\/\/armstrongyregion.com.ar\/diario\/wp-json\/wp\/v2\/posts\/35704","targetHints":{"allow":["GET"]}}],"collection":[{"href":"https:\/\/armstrongyregion.com.ar\/diario\/wp-json\/wp\/v2\/posts"}],"about":[{"href":"https:\/\/armstrongyregion.com.ar\/diario\/wp-json\/wp\/v2\/types\/post"}],"author":[{"embeddable":true,"href":"https:\/\/armstrongyregion.com.ar\/diario\/wp-json\/wp\/v2\/users\/1"}],"replies":[{"embeddable":true,"href":"https:\/\/armstrongyregion.com.ar\/diario\/wp-json\/wp\/v2\/comments?post=35704"}],"version-history":[{"count":1,"href":"https:\/\/armstrongyregion.com.ar\/diario\/wp-json\/wp\/v2\/posts\/35704\/revisions"}],"predecessor-version":[{"id":35706,"href":"https:\/\/armstrongyregion.com.ar\/diario\/wp-json\/wp\/v2\/posts\/35704\/revisions\/35706"}],"wp:featuredmedia":[{"embeddable":true,"href":"https:\/\/armstrongyregion.com.ar\/diario\/wp-json\/wp\/v2\/media\/35705"}],"wp:attachment":[{"href":"https:\/\/armstrongyregion.com.ar\/diario\/wp-json\/wp\/v2\/media?parent=35704"}],"wp:term":[{"taxonomy":"category","embeddable":true,"href":"https:\/\/armstrongyregion.com.ar\/diario\/wp-json\/wp\/v2\/categories?post=35704"},{"taxonomy":"post_tag","embeddable":true,"href":"https:\/\/armstrongyregion.com.ar\/diario\/wp-json\/wp\/v2\/tags?post=35704"}],"curies":[{"name":"wp","href":"https:\/\/api.w.org\/{rel}","templated":true}]}}