{"id":35690,"date":"2022-09-06T20:03:44","date_gmt":"2022-09-06T20:03:44","guid":{"rendered":"https:\/\/armstrongyregion.com.ar\/diario\/?p=35690"},"modified":"2022-09-06T20:03:47","modified_gmt":"2022-09-06T20:03:47","slug":"armstrong-orden-del-dia-6-de-septiembre-2022","status":"publish","type":"post","link":"https:\/\/armstrongyregion.com.ar\/diario\/armstrong-orden-del-dia-6-de-septiembre-2022\/","title":{"rendered":"Armstrong. Orden del d\u00eda 6 de septiembre 2022."},"content":{"rendered":"\n<figure class=\"wp-block-image size-large\"><img loading=\"lazy\" decoding=\"async\" width=\"504\" height=\"378\" src=\"http:\/\/armstrongyregion.com.ar\/diario\/wp-content\/uploads\/2021\/12\/concejo-extraord.27-12-21.jpg\" alt=\"\" class=\"wp-image-32743\" srcset=\"https:\/\/armstrongyregion.com.ar\/diario\/wp-content\/uploads\/2021\/12\/concejo-extraord.27-12-21.jpg 504w, https:\/\/armstrongyregion.com.ar\/diario\/wp-content\/uploads\/2021\/12\/concejo-extraord.27-12-21-300x225.jpg 300w\" sizes=\"auto, (max-width: 504px) 100vw, 504px\" \/><\/figure>\n\n\n\n<p> 1- ACTA ANTERIOR: <\/p>\n\n\n\n<p>\uf0b7 ACTA SESI\u00d3N ORDINARIA N\u00ba 1095<\/p>\n\n\n\n<p> 2- MENSAJES DEL D.E.: <\/p>\n\n\n\n<p>3- CORRESPONDENCIA:<\/p>\n\n\n\n<p> 4- DICT\u00c1MENES DE COMISIONES: <\/p>\n\n\n\n<p>A- COMISI\u00d3N DE HACIENDA Y CUENTAS: <\/p>\n\n\n\n<p>1- INFORME SOBRE BALANCE DE INGRESOS Y EGRESOS. <\/p>\n\n\n\n<p>B- COMISI\u00d3N DE INTERPRETACI\u00d3N Y GOBIERNO, Y COMISI\u00d3N DE ECOLOG\u00cdA Y SANEAMIENTO<\/p>\n\n\n\n<p> 1- PROYECTO DE ORDENANZA: PROHIBICI\u00d3N DE USO Y DISTRIBUCI\u00d3N DE ART\u00cdCULOS DE PIROTECNIA SONORA.<\/p>\n\n\n\n<p> 5- PROYECTOS DE CONCEJALES: <\/p>\n\n\n\n<p>A- BLOQUE DE FRENTE PROGRESISTA, C\u00cdVICO Y SOCIAL: <\/p>\n\n\n\n<p>1- M.D.: 92\u00b0 ANIVERSARIO DEL DERROCAMIENTO DE YRIGOYEN. <\/p>\n\n\n\n<p>2- RES.: ADHESI\u00d3N AL PROYECTO DE RESOLUCI\u00d3N DE DIPUTADOS POR LA SUSPENSI\u00d3N Y CORTE DE PAGOS EN DISCAPACIDAD. <\/p>\n\n\n\n<p>B- BLOQUE DE RENOVACI\u00d3N POR ARMSTRONG:<\/p>\n\n\n\n<p> 3- M.D.: ADHESI\u00d3N AL PROYECTO DE LEY \u201cDELITOS CIBERN\u00c9TICOS\u201d. <\/p>\n\n\n\n<p>C- BLOQUE JUSTICIALISTA: <\/p>\n\n\n\n<p>4- M.D.: REPUDIO AL INTENTO DE MAGNICIDIO OCURRIDO CONTRA LA VICEPRESIDENTA DE LA NACI\u00d3N CRISTINA FERNANDEZ DE KIRCHNER. <\/p>\n\n\n\n<p>5- M.C.: MANTENIMIENTO Y PRESTACI\u00d3N DE SERVICIOS P\u00daBLICOS EN \u201cBARRIO 36 VIVIENDAS\u201d.<\/p>\n\n\n\n<p> 6- ORD.: CREACI\u00d3N DE LA COMISI\u00d3N ESPECIAL DE SEGUIMIENTO DE INFORMES LEGISLATIVOS. <\/p>\n\n\n\n<p>D- CONCEJO:<\/p>\n\n\n\n<p> 7- M.D.: D\u00cdA DEL TRABAJADOR METAL\u00daRGICO <\/p>\n\n\n\n<p>8- M.D.: D\u00cdA DEL AGRICULTOR. <\/p>\n\n\n\n<p>9- M.D.: D\u00cdA DEL MAESTRO. <\/p>\n\n\n\n<p>INICIO A LAS 20:00 HORAS. <\/p>\n","protected":false},"excerpt":{"rendered":"<p>1- ACTA ANTERIOR: \uf0b7 ACTA SESI\u00d3N ORDINARIA N\u00ba 1095 2- MENSAJES DEL D.E.: 3- CORRESPONDENCIA: 4- DICT\u00c1MENES DE COMISIONES: A- COMISI\u00d3N DE HACIENDA Y CUENTAS: 1- INFORME SOBRE BALANCE DE INGRESOS Y EGRESOS. B- COMISI\u00d3N DE INTERPRETACI\u00d3N Y GOBIERNO, Y COMISI\u00d3N DE ECOLOG\u00cdA Y SANEAMIENTO 1- PROYECTO DE ORDENANZA: PROHIBICI\u00d3N DE USO Y DISTRIBUCI\u00d3N DE <a href=\"https:\/\/armstrongyregion.com.ar\/diario\/armstrong-orden-del-dia-6-de-septiembre-2022\/\" title=\"Read more\" >&#8230;<\/a><\/p>\n","protected":false},"author":1,"featured_media":32743,"comment_status":"open","ping_status":"open","sticky":false,"template":"","format":"image","meta":{"_jetpack_memberships_contains_paid_content":false,"footnotes":"","jetpack_publicize_message":"","jetpack_publicize_feature_enabled":true,"jetpack_social_post_already_shared":true,"jetpack_social_options":{"image_generator_settings":{"template":"highway","default_image_id":0,"enabled":false},"version":2}},"categories":[8,1,2,7],"tags":[],"class_list":["post-35690","post","type-post","status-publish","format-image","has-post-thumbnail","hentry","category-deliberando","category-diario-armstrong","category-locales","category-politica","post_format-post-format-image"],"jetpack_publicize_connections":[],"jetpack_featured_media_url":"https:\/\/armstrongyregion.com.ar\/diario\/wp-content\/uploads\/2021\/12\/concejo-extraord.27-12-21.jpg","jetpack_shortlink":"https:\/\/wp.me\/p62QDO-9hE","jetpack_sharing_enabled":true,"amp_enabled":true,"_links":{"self":[{"href":"https:\/\/armstrongyregion.com.ar\/diario\/wp-json\/wp\/v2\/posts\/35690","targetHints":{"allow":["GET"]}}],"collection":[{"href":"https:\/\/armstrongyregion.com.ar\/diario\/wp-json\/wp\/v2\/posts"}],"about":[{"href":"https:\/\/armstrongyregion.com.ar\/diario\/wp-json\/wp\/v2\/types\/post"}],"author":[{"embeddable":true,"href":"https:\/\/armstrongyregion.com.ar\/diario\/wp-json\/wp\/v2\/users\/1"}],"replies":[{"embeddable":true,"href":"https:\/\/armstrongyregion.com.ar\/diario\/wp-json\/wp\/v2\/comments?post=35690"}],"version-history":[{"count":1,"href":"https:\/\/armstrongyregion.com.ar\/diario\/wp-json\/wp\/v2\/posts\/35690\/revisions"}],"predecessor-version":[{"id":35691,"href":"https:\/\/armstrongyregion.com.ar\/diario\/wp-json\/wp\/v2\/posts\/35690\/revisions\/35691"}],"wp:featuredmedia":[{"embeddable":true,"href":"https:\/\/armstrongyregion.com.ar\/diario\/wp-json\/wp\/v2\/media\/32743"}],"wp:attachment":[{"href":"https:\/\/armstrongyregion.com.ar\/diario\/wp-json\/wp\/v2\/media?parent=35690"}],"wp:term":[{"taxonomy":"category","embeddable":true,"href":"https:\/\/armstrongyregion.com.ar\/diario\/wp-json\/wp\/v2\/categories?post=35690"},{"taxonomy":"post_tag","embeddable":true,"href":"https:\/\/armstrongyregion.com.ar\/diario\/wp-json\/wp\/v2\/tags?post=35690"}],"curies":[{"name":"wp","href":"https:\/\/api.w.org\/{rel}","templated":true}]}}