{"id":35684,"date":"2022-09-05T22:49:28","date_gmt":"2022-09-05T22:49:28","guid":{"rendered":"https:\/\/armstrongyregion.com.ar\/diario\/?p=35684"},"modified":"2022-09-05T22:49:30","modified_gmt":"2022-09-05T22:49:30","slug":"comenzo-la-capacitacion-para-mozos-y-camareros-organizada-por-rasetto-y-el-centro-economico-de-canada-de-gomez","status":"publish","type":"post","link":"https:\/\/armstrongyregion.com.ar\/diario\/comenzo-la-capacitacion-para-mozos-y-camareros-organizada-por-rasetto-y-el-centro-economico-de-canada-de-gomez\/","title":{"rendered":"Comenz\u00f3 la capacitaci\u00f3n para mozos y camareros organizada por Rasetto y el Centro Econ\u00f3mico de Ca\u00f1ada de G\u00f3mez."},"content":{"rendered":"\n<figure class=\"wp-block-image size-large\"><img loading=\"lazy\" decoding=\"async\" width=\"400\" height=\"299\" src=\"http:\/\/armstrongyregion.com.ar\/diario\/wp-content\/uploads\/2022\/09\/curso.jpg\" alt=\"\" class=\"wp-image-35685\" srcset=\"https:\/\/armstrongyregion.com.ar\/diario\/wp-content\/uploads\/2022\/09\/curso.jpg 400w, https:\/\/armstrongyregion.com.ar\/diario\/wp-content\/uploads\/2022\/09\/curso-300x224.jpg 300w\" sizes=\"auto, (max-width: 400px) 100vw, 400px\" \/><\/figure>\n\n\n\n<p>\nEste lunes se dio inicio a la capacitaci\u00f3n laboral de mozos y\ncamareros, destinada a personas con intenciones de incorporarse al\nsector gastron\u00f3mico llevada adelante por el Centro Econ\u00f3mico de\nCa\u00f1ada de G\u00f3mez junto al senador por el Departamento Iriondo, Hugo\nRasetto. \n<\/p>\n\n\n\n<p>La capacitaci\u00f3n\ninicial para mozos y camareros est\u00e1 apuntada a trabajadores o\nquienes quieren sumar conocimientos en atenci\u00f3n general al p\u00fablico\ny sumar conocimientos para sus Curr\u00edculms.<\/p>\n\n\n\n<p>La capacitaci\u00f3n\ncontinuar\u00e1 los d\u00edas 7 y 14 de septiembre en la sala de capacitaci\u00f3n\ndel Centro Econ\u00f3mico, Lavalle 1043, 2do. Piso. En total ser\u00e1n ocho\nhoras de cursado, cuatro te\u00f3ricas y cuatro pr\u00e1cticas con entrega de\ncertificados.<\/p>\n","protected":false},"excerpt":{"rendered":"<p>Este lunes se dio inicio a la capacitaci\u00f3n laboral de mozos y camareros, destinada a personas con intenciones de incorporarse al sector gastron\u00f3mico llevada adelante por el Centro Econ\u00f3mico de Ca\u00f1ada de G\u00f3mez junto al senador por el Departamento Iriondo, Hugo Rasetto. La capacitaci\u00f3n inicial para mozos y camareros est\u00e1 apuntada a trabajadores o quienes <a href=\"https:\/\/armstrongyregion.com.ar\/diario\/comenzo-la-capacitacion-para-mozos-y-camareros-organizada-por-rasetto-y-el-centro-economico-de-canada-de-gomez\/\" title=\"Read more\" >&#8230;<\/a><\/p>\n","protected":false},"author":1,"featured_media":35685,"comment_status":"open","ping_status":"open","sticky":false,"template":"","format":"image","meta":{"_jetpack_memberships_contains_paid_content":false,"footnotes":"","jetpack_publicize_message":"","jetpack_publicize_feature_enabled":true,"jetpack_social_post_already_shared":true,"jetpack_social_options":{"image_generator_settings":{"template":"highway","default_image_id":0,"enabled":false},"version":2}},"categories":[8,1,2,7,3],"tags":[],"class_list":["post-35684","post","type-post","status-publish","format-image","has-post-thumbnail","hentry","category-deliberando","category-diario-armstrong","category-locales","category-politica","category-region","post_format-post-format-image"],"jetpack_publicize_connections":[],"jetpack_featured_media_url":"https:\/\/armstrongyregion.com.ar\/diario\/wp-content\/uploads\/2022\/09\/curso.jpg","jetpack_shortlink":"https:\/\/wp.me\/p62QDO-9hy","jetpack_sharing_enabled":true,"amp_enabled":true,"_links":{"self":[{"href":"https:\/\/armstrongyregion.com.ar\/diario\/wp-json\/wp\/v2\/posts\/35684","targetHints":{"allow":["GET"]}}],"collection":[{"href":"https:\/\/armstrongyregion.com.ar\/diario\/wp-json\/wp\/v2\/posts"}],"about":[{"href":"https:\/\/armstrongyregion.com.ar\/diario\/wp-json\/wp\/v2\/types\/post"}],"author":[{"embeddable":true,"href":"https:\/\/armstrongyregion.com.ar\/diario\/wp-json\/wp\/v2\/users\/1"}],"replies":[{"embeddable":true,"href":"https:\/\/armstrongyregion.com.ar\/diario\/wp-json\/wp\/v2\/comments?post=35684"}],"version-history":[{"count":1,"href":"https:\/\/armstrongyregion.com.ar\/diario\/wp-json\/wp\/v2\/posts\/35684\/revisions"}],"predecessor-version":[{"id":35686,"href":"https:\/\/armstrongyregion.com.ar\/diario\/wp-json\/wp\/v2\/posts\/35684\/revisions\/35686"}],"wp:featuredmedia":[{"embeddable":true,"href":"https:\/\/armstrongyregion.com.ar\/diario\/wp-json\/wp\/v2\/media\/35685"}],"wp:attachment":[{"href":"https:\/\/armstrongyregion.com.ar\/diario\/wp-json\/wp\/v2\/media?parent=35684"}],"wp:term":[{"taxonomy":"category","embeddable":true,"href":"https:\/\/armstrongyregion.com.ar\/diario\/wp-json\/wp\/v2\/categories?post=35684"},{"taxonomy":"post_tag","embeddable":true,"href":"https:\/\/armstrongyregion.com.ar\/diario\/wp-json\/wp\/v2\/tags?post=35684"}],"curies":[{"name":"wp","href":"https:\/\/api.w.org\/{rel}","templated":true}]}}