{"id":3565,"date":"2015-08-12T15:48:04","date_gmt":"2015-08-12T15:48:04","guid":{"rendered":"https:\/\/armstrongyregion.com.ar\/diario\/?p=3565"},"modified":"2015-08-12T16:19:39","modified_gmt":"2015-08-12T16:19:39","slug":"desagues-pluviales-tema-de-agenda-del-concejo-municipal","status":"publish","type":"post","link":"https:\/\/armstrongyregion.com.ar\/diario\/desagues-pluviales-tema-de-agenda-del-concejo-municipal\/","title":{"rendered":"Desag\u00fces pluviales tema de agenda del Concejo Municipal."},"content":{"rendered":"<p><a href=\"http:\/\/armstrongyregion.com.ar\/diario\/wp-content\/uploads\/2015\/08\/DSC047071.jpg\"><img loading=\"lazy\" decoding=\"async\" class=\"alignnone size-medium wp-image-3566\" src=\"http:\/\/armstrongyregion.com.ar\/diario\/wp-content\/uploads\/2015\/08\/DSC047071-300x169.jpg\" alt=\"Desagues-Armstrong-y-Region-\" width=\"300\" height=\"169\" srcset=\"https:\/\/armstrongyregion.com.ar\/diario\/wp-content\/uploads\/2015\/08\/DSC047071-300x169.jpg 300w, https:\/\/armstrongyregion.com.ar\/diario\/wp-content\/uploads\/2015\/08\/DSC047071-1024x576.jpg 1024w\" sizes=\"auto, (max-width: 300px) 100vw, 300px\" \/><\/a>En la sesi\u00f3n de esta semana el bloque oficialista, integrado por los concejales Marozzi, Di Paolo y P\u00e9rez, presentaron un proyecto de comunicaci\u00f3n, solicit\u00e1ndole al\u00a0 Departamento Ejecutivo Municipal, una serie de trabajos a corto, mediano y largo plazo, sobre el tema desag\u00fces pluviales. Visto las intensas lluvias del fin de semana, y los anegamientos que las mismas producen, les resulta necesario solicitar que se revea el Plan Director de Desag\u00fces Pluviales, hoy vigente en nuestra ciudad, ya que las cantidades de precipitaciones no son las mismas de hace 10 a\u00f1os atr\u00e1s, y a la vez realizar una serie de trabajos que aliviar\u00edan los anegamientos.<\/p>\n<p>Este tema origin\u00f3 un debate en la sesi\u00f3n, entre el concejal, Roberto Gramigna, y el bloque oficialista. El edil opositor, argument\u00f3 que le parece bien que el oficialismo se movilice por este tema, pero que cuando \u00e9l present\u00f3 algo referido a desag\u00fces pluviales, se lo hab\u00eda ignorado, y luego los vecinos pagaron las consecuencias. El oficialismo se hizo o\u00edr, a trav\u00e9s de la concejal Daniela P\u00e9rez, quien le record\u00f3 que el Plan Director fue aprobado bajo su presidencia, y que le hubiese gustado que con el mismo \u00e9nfasis le hubiese reclamado a la gesti\u00f3n que represent\u00f3 por 20 a\u00f1os, que haga algo por los desag\u00fces, y que bien o mal, fue reci\u00e9n en el a\u00f1o 2010 que se puso como tema de estado la obra de Desag\u00fces Pluviales.<\/p>\n","protected":false},"excerpt":{"rendered":"<p>En la sesi\u00f3n de esta semana el bloque oficialista, integrado por los concejales Marozzi, Di Paolo y P\u00e9rez, presentaron un proyecto de comunicaci\u00f3n, solicit\u00e1ndole al\u00a0 Departamento Ejecutivo Municipal, una serie de trabajos a corto, mediano y largo plazo, sobre el tema desag\u00fces pluviales. Visto las intensas lluvias del fin de semana, y los anegamientos que <a href=\"https:\/\/armstrongyregion.com.ar\/diario\/desagues-pluviales-tema-de-agenda-del-concejo-municipal\/\" title=\"Read more\" >&#8230;<\/a><\/p>\n","protected":false},"author":2,"featured_media":3566,"comment_status":"open","ping_status":"open","sticky":false,"template":"","format":"standard","meta":{"_jetpack_memberships_contains_paid_content":false,"footnotes":"","jetpack_publicize_message":"","jetpack_publicize_feature_enabled":true,"jetpack_social_post_already_shared":false,"jetpack_social_options":{"image_generator_settings":{"template":"highway","default_image_id":0,"enabled":false},"version":2}},"categories":[8,1,2,7],"tags":[2506,868,19,53,1140,524,1141,1847],"class_list":["post-3565","post","type-post","status-publish","format-standard","has-post-thumbnail","hentry","category-deliberando","category-diario-armstrong","category-locales","category-politica","tag-agenda","tag-concejo","tag-de","tag-del","tag-desagues","tag-municipal","tag-pluviales","tag-tema"],"jetpack_publicize_connections":[],"jetpack_featured_media_url":"https:\/\/armstrongyregion.com.ar\/diario\/wp-content\/uploads\/2015\/08\/DSC047071.jpg","jetpack_shortlink":"https:\/\/wp.me\/p62QDO-Vv","jetpack_sharing_enabled":true,"amp_enabled":true,"_links":{"self":[{"href":"https:\/\/armstrongyregion.com.ar\/diario\/wp-json\/wp\/v2\/posts\/3565","targetHints":{"allow":["GET"]}}],"collection":[{"href":"https:\/\/armstrongyregion.com.ar\/diario\/wp-json\/wp\/v2\/posts"}],"about":[{"href":"https:\/\/armstrongyregion.com.ar\/diario\/wp-json\/wp\/v2\/types\/post"}],"author":[{"embeddable":true,"href":"https:\/\/armstrongyregion.com.ar\/diario\/wp-json\/wp\/v2\/users\/2"}],"replies":[{"embeddable":true,"href":"https:\/\/armstrongyregion.com.ar\/diario\/wp-json\/wp\/v2\/comments?post=3565"}],"version-history":[{"count":0,"href":"https:\/\/armstrongyregion.com.ar\/diario\/wp-json\/wp\/v2\/posts\/3565\/revisions"}],"wp:featuredmedia":[{"embeddable":true,"href":"https:\/\/armstrongyregion.com.ar\/diario\/wp-json\/wp\/v2\/media\/3566"}],"wp:attachment":[{"href":"https:\/\/armstrongyregion.com.ar\/diario\/wp-json\/wp\/v2\/media?parent=3565"}],"wp:term":[{"taxonomy":"category","embeddable":true,"href":"https:\/\/armstrongyregion.com.ar\/diario\/wp-json\/wp\/v2\/categories?post=3565"},{"taxonomy":"post_tag","embeddable":true,"href":"https:\/\/armstrongyregion.com.ar\/diario\/wp-json\/wp\/v2\/tags?post=3565"}],"curies":[{"name":"wp","href":"https:\/\/api.w.org\/{rel}","templated":true}]}}