{"id":3559,"date":"2015-08-12T15:32:43","date_gmt":"2015-08-12T15:32:43","guid":{"rendered":"https:\/\/armstrongyregion.com.ar\/diario\/?p=3559"},"modified":"2015-08-12T15:32:43","modified_gmt":"2015-08-12T15:32:43","slug":"homenaje-del-municipio-canadense-a-legendarias-bandas-jazz","status":"publish","type":"post","link":"https:\/\/armstrongyregion.com.ar\/diario\/homenaje-del-municipio-canadense-a-legendarias-bandas-jazz\/","title":{"rendered":"Homenaje del municipio ca\u00f1adense a legendarias Bandas Jazz."},"content":{"rendered":"<p><a href=\"http:\/\/armstrongyregion.com.ar\/diario\/wp-content\/uploads\/2015\/08\/11825628_519478418208064_5193036814846622879_n.jpg\"><img loading=\"lazy\" decoding=\"async\" class=\"alignnone size-medium wp-image-3560\" src=\"http:\/\/armstrongyregion.com.ar\/diario\/wp-content\/uploads\/2015\/08\/11825628_519478418208064_5193036814846622879_n-300x213.jpg\" alt=\"Jazz-Armstrong-y-Region-\" width=\"300\" height=\"213\" srcset=\"https:\/\/armstrongyregion.com.ar\/diario\/wp-content\/uploads\/2015\/08\/11825628_519478418208064_5193036814846622879_n-300x213.jpg 300w, https:\/\/armstrongyregion.com.ar\/diario\/wp-content\/uploads\/2015\/08\/11825628_519478418208064_5193036814846622879_n.jpg 960w\" sizes=\"auto, (max-width: 300px) 100vw, 300px\" \/><\/a>La actividad forma parte del programa \u201cRevalorizando el Ser Ca\u00f1adense\u201d. Ser\u00e1 este domingo desde las 19 hs. en Casa del Bicentenario.<\/p>\n<p>La Municipalidad de Ca\u00f1ada de G\u00f3mez continuando con el programa \u201cRevalorizando el Ser Ca\u00f1adense\u201d, el pr\u00f3ximo domingo 16 de agosto a las<br \/>\n19 hs. en Casa del Bicentenario homenajear\u00e1 a aquellos m\u00fasicos que integraron las recordadas bandas de jazz en el Ca\u00f1ada del ayer.<br \/>\nEn una noche marcada por la emoci\u00f3n, por los recuerdos de aquellas jornadas en las pistas y salones ca\u00f1adenses estar\u00e1n presentes los<br \/>\nintegrantes de la Dixieland Jazz, Saint Louis Jazz, Los Tripulantes, Jazz Chicago entre otras m\u00e1s, qui\u00e9nes ser\u00e1n distinguidos por la<br \/>\nIntendente Municipal Dra. Stella Cl\u00e9rici.<br \/>\nFinalmente los presentes podr\u00e1n disfrutar de la actuaci\u00f3n de Mat\u00edas Fern\u00e1ndez y su Sexteto de Jazz. Fern\u00e1ndez es nacido en Buenos Aires y un<br \/>\ntalentoso armonicista, cantante y compositor. Eximio ejecutante de la<br \/>\nArm\u00f3nica, innovador, creativo, fue uno de los precursores de la t\u00e9cnica<br \/>\n\u00abOverbend\u00bb a nivel nacional. Llev\u00f3 la arm\u00f3nica diat\u00f3nica a su m\u00e1xima<br \/>\nexpresi\u00f3n transform\u00e1ndola en un instrumento plenamente crom\u00e1tico e<br \/>\nincursionando en diversos estilos. Ha sido inspiraci\u00f3n e influencia de<br \/>\nmuchos de los representantes actuales del instrumento. Actualmente<br \/>\nlidera la legendaria banda \u00abBlues del Sur\u00bb, forma parte de la Orquesta<br \/>\n\u00abHot Jazz Band\u00bb, acompa\u00f1a asiduamente al famoso cantautor Juli\u00e1n<br \/>\nCerdeira y finalmente junto con el prestigioso armonicista Alejandro<br \/>\nYaques y el aclamado arreglador\/director\/compositor Julio Remersaro<br \/>\nintegra \u00abRemersaro Tr\u00edo\u00bb. Mat\u00edas Fern\u00e1ndez es, por su calidad humana,<br \/>\nseguramente una de las personas m\u00e1s queridas y apreciadas en el ambiente<br \/>\nde la arm\u00f3nica argentina.<\/p>\n","protected":false},"excerpt":{"rendered":"<p>La actividad forma parte del programa \u201cRevalorizando el Ser Ca\u00f1adense\u201d. Ser\u00e1 este domingo desde las 19 hs. en Casa del Bicentenario. La Municipalidad de Ca\u00f1ada de G\u00f3mez continuando con el programa \u201cRevalorizando el Ser Ca\u00f1adense\u201d, el pr\u00f3ximo domingo 16 de agosto a las 19 hs. en Casa del Bicentenario homenajear\u00e1 a aquellos m\u00fasicos que integraron <a href=\"https:\/\/armstrongyregion.com.ar\/diario\/homenaje-del-municipio-canadense-a-legendarias-bandas-jazz\/\" title=\"Read more\" >&#8230;<\/a><\/p>\n","protected":false},"author":2,"featured_media":3560,"comment_status":"open","ping_status":"open","sticky":false,"template":"","format":"standard","meta":{"_jetpack_memberships_contains_paid_content":false,"footnotes":"","jetpack_publicize_message":"","jetpack_publicize_feature_enabled":true,"jetpack_social_post_already_shared":false,"jetpack_social_options":{"image_generator_settings":{"template":"highway","default_image_id":0,"enabled":false},"version":2}},"categories":[6,1,3],"tags":[33,664,269,53,2072,2505,2504,217],"class_list":["post-3559","post","type-post","status-publish","format-standard","has-post-thumbnail","hentry","category-cultura-entretenimiento","category-diario-armstrong","category-region","tag-a","tag-bandas","tag-canadense","tag-del","tag-homenaje","tag-jazz","tag-legendarias","tag-municipio"],"jetpack_publicize_connections":[],"jetpack_featured_media_url":"https:\/\/armstrongyregion.com.ar\/diario\/wp-content\/uploads\/2015\/08\/11825628_519478418208064_5193036814846622879_n.jpg","jetpack_shortlink":"https:\/\/wp.me\/p62QDO-Vp","jetpack_sharing_enabled":true,"amp_enabled":true,"_links":{"self":[{"href":"https:\/\/armstrongyregion.com.ar\/diario\/wp-json\/wp\/v2\/posts\/3559","targetHints":{"allow":["GET"]}}],"collection":[{"href":"https:\/\/armstrongyregion.com.ar\/diario\/wp-json\/wp\/v2\/posts"}],"about":[{"href":"https:\/\/armstrongyregion.com.ar\/diario\/wp-json\/wp\/v2\/types\/post"}],"author":[{"embeddable":true,"href":"https:\/\/armstrongyregion.com.ar\/diario\/wp-json\/wp\/v2\/users\/2"}],"replies":[{"embeddable":true,"href":"https:\/\/armstrongyregion.com.ar\/diario\/wp-json\/wp\/v2\/comments?post=3559"}],"version-history":[{"count":0,"href":"https:\/\/armstrongyregion.com.ar\/diario\/wp-json\/wp\/v2\/posts\/3559\/revisions"}],"wp:featuredmedia":[{"embeddable":true,"href":"https:\/\/armstrongyregion.com.ar\/diario\/wp-json\/wp\/v2\/media\/3560"}],"wp:attachment":[{"href":"https:\/\/armstrongyregion.com.ar\/diario\/wp-json\/wp\/v2\/media?parent=3559"}],"wp:term":[{"taxonomy":"category","embeddable":true,"href":"https:\/\/armstrongyregion.com.ar\/diario\/wp-json\/wp\/v2\/categories?post=3559"},{"taxonomy":"post_tag","embeddable":true,"href":"https:\/\/armstrongyregion.com.ar\/diario\/wp-json\/wp\/v2\/tags?post=3559"}],"curies":[{"name":"wp","href":"https:\/\/api.w.org\/{rel}","templated":true}]}}