{"id":35579,"date":"2022-08-26T01:36:06","date_gmt":"2022-08-26T01:36:06","guid":{"rendered":"https:\/\/armstrongyregion.com.ar\/diario\/?p=35579"},"modified":"2022-08-26T01:36:07","modified_gmt":"2022-08-26T01:36:07","slug":"canada-de-gomez-declaro-persona-no-grata-al-femicida-fabian-tablado","status":"publish","type":"post","link":"https:\/\/armstrongyregion.com.ar\/diario\/canada-de-gomez-declaro-persona-no-grata-al-femicida-fabian-tablado\/","title":{"rendered":"Ca\u00f1ada de G\u00f3mez declar\u00f3 \u00abpersona no grata\u00bb al femicida Fab\u00edan Tablado."},"content":{"rendered":"\n<figure class=\"wp-block-image size-large\"><img loading=\"lazy\" decoding=\"async\" width=\"520\" height=\"390\" src=\"http:\/\/armstrongyregion.com.ar\/diario\/wp-content\/uploads\/2022\/08\/fabian-tablado-123.jpg\" alt=\"\" class=\"wp-image-35581\" srcset=\"https:\/\/armstrongyregion.com.ar\/diario\/wp-content\/uploads\/2022\/08\/fabian-tablado-123.jpg 520w, https:\/\/armstrongyregion.com.ar\/diario\/wp-content\/uploads\/2022\/08\/fabian-tablado-123-300x225.jpg 300w\" sizes=\"auto, (max-width: 520px) 100vw, 520px\" \/><\/figure>\n\n\n\n<h2 class=\"wp-block-heading\"> El responsable del crimen de Carolina Al\u00f3 en 1996 se radic\u00f3 en la cabecera del Dep. Iriondo y esto provoc\u00f3 el repudio de las autoridades, tal cual sucedi\u00f3 en Tigre, Bell Ville y San Clemente del Tuy\u00fa. <\/h2>\n\n\n\n<figure class=\"wp-block-audio\"><audio controls src=\"http:\/\/armstrongyregion.com.ar\/diario\/wp-content\/uploads\/2022\/08\/multimedia.audio_.9a15067426440b51.617564696f206d6f6e6f2e6d7033.mp3\"><\/audio><figcaption>Luis Leiva. Coordinador de Seguridad Ciudadana Ca\u00f1ada de G\u00f3mez. <\/figcaption><\/figure>\n\n\n\n<p><\/p>\n\n\n\n<p>La radicaci\u00f3n en Ca\u00f1ada de G\u00f3mez de Fabi\u00e1n Tablado, el femicida que en 1996 asesin\u00f3 de 113 pu\u00f1aladas a su novia Carolina Al\u00f3, gener\u00f3 la r\u00e1pida reacci\u00f3n de las autoridades que mostraron su descontento por la situaci\u00f3n.<\/p>\n\n\n\n<p>El \u00c1rea de la Mujer y G\u00e9nero de la Municipalidad de Ca\u00f1ada de G\u00f3mez y el Consejo de Seguridad Ciudadana emitieron este mi\u00e9rcoles un duro comunicado para repudiar su presencia en la cabecera del departamento Iriondo y lo declararon \u201cpersona no grata\u201d, al igual que lo ocurrido en otras jurisdicciones del pa\u00eds como Tigre y San Clemente del Tuy\u00fa (Buenos Aires y Belle Ville (C\u00f3rdoba).<\/p>\n\n\n\n<p>\u201cEn virtud del hecho de p\u00fablico conocimiento que Fabi\u00e1n Tablado, femicida de Carolina Al\u00f3 en el a\u00f1o 1996, se encuentra radicado en nuestra ciudad, desde el \u00c1rea Mujer y G\u00e9nero de la Municipalidad de Ca\u00f1ada de G\u00f3mez y el Consejo de Seguridad Ciudadana repudiamos en\u00e9rgicamente su presencia y permanencia en nuestra ciudad\u201d, comenz\u00f3 el escrito firmado por Antonella Genga y Luis Alberto Leiva.<\/p>\n\n\n\n<p>\u201cRecordamos que Tablado asesin\u00f3 de 113 pu\u00f1aladas a quien fuera su pareja y que continu\u00f3 ejerciendo violencia por motivos de g\u00e9nero\u201d, esgrime el comunicado oficial. \u201cReivindicando nuevamente nuestro compromiso con la erradicaci\u00f3n de todo tipo de violencias y alzando la voz de quienes resultan v\u00edctimas, declaramos a Fabi\u00e1n Tablado persona no grata, dado el alto grado de peligrosidad que ha demostrado ante reiterados incumplimientos a las medidas judiciales que le han sido impuestas luego de su condena\u201d, a\u00f1ade el texto.<\/p>\n\n\n\n<p>\u201cConvocamos a los organismos judiciales competentes a que investiguen y adopten las medidas necesarias de manera urgente\u201d, plantea el documento.<\/p>\n\n\n\n<p>\u201cRevalorizamos hoy m\u00e1s que nunca, las conquistas adquiridas producto de las luchas colectivas de mujeres y otras identidades de g\u00e9nero, por lo que consideramos de suma importancia no olvidar lo sucedido, visibilizar y repudiar estas situaciones\u201d, finaliza el escrito.<\/p>\n\n\n\n<figure><iframe loading=\"lazy\" allowfullscreen=\"true\" height=\"744\" src=\"https:\/\/www.facebook.com\/plugins\/post.php?href=https%3A%2F%2Fwww.facebook.com%2FRenacerRegional%2Fposts%2Fpfbid0VvFbHB54woVBnwKkHRZNjYGtHW8nu4UGTgcRnPR96MUyvaxx6xnsvEDiSDh8dtgNl&amp;show_text=true&amp;width=500\" width=\"500\"><\/iframe><\/figure>\n\n\n\n<p>Fuente \/&nbsp;<strong><a href=\"https:\/\/www.lacapital.com.ar\/la-region\/canada-gomez-declaro-persona-no-grata-al-femicida-fabian-tablado-n10025458.html\" rel=\"noreferrer noopener\" target=\"_blank\">LA CAPITAL<\/a><\/strong><\/p>\n","protected":false},"excerpt":{"rendered":"<p>El responsable del crimen de Carolina Al\u00f3 en 1996 se radic\u00f3 en la cabecera del Dep. Iriondo y esto provoc\u00f3 el repudio de las autoridades, tal cual sucedi\u00f3 en Tigre, Bell Ville y San Clemente del Tuy\u00fa. La radicaci\u00f3n en Ca\u00f1ada de G\u00f3mez de Fabi\u00e1n Tablado, el femicida que en 1996 asesin\u00f3 de 113 pu\u00f1aladas <a href=\"https:\/\/armstrongyregion.com.ar\/diario\/canada-de-gomez-declaro-persona-no-grata-al-femicida-fabian-tablado\/\" title=\"Read more\" >&#8230;<\/a><\/p>\n","protected":false},"author":1,"featured_media":35581,"comment_status":"open","ping_status":"open","sticky":false,"template":"","format":"image","meta":{"_jetpack_memberships_contains_paid_content":false,"footnotes":"","jetpack_publicize_message":"","jetpack_publicize_feature_enabled":true,"jetpack_social_post_already_shared":true,"jetpack_social_options":{"image_generator_settings":{"template":"highway","default_image_id":0,"enabled":false},"version":2}},"categories":[8,1,2,3],"tags":[],"class_list":["post-35579","post","type-post","status-publish","format-image","has-post-thumbnail","hentry","category-deliberando","category-diario-armstrong","category-locales","category-region","post_format-post-format-image"],"jetpack_publicize_connections":[],"jetpack_featured_media_url":"https:\/\/armstrongyregion.com.ar\/diario\/wp-content\/uploads\/2022\/08\/fabian-tablado-123.jpg","jetpack_shortlink":"https:\/\/wp.me\/p62QDO-9fR","jetpack_sharing_enabled":true,"amp_enabled":true,"_links":{"self":[{"href":"https:\/\/armstrongyregion.com.ar\/diario\/wp-json\/wp\/v2\/posts\/35579","targetHints":{"allow":["GET"]}}],"collection":[{"href":"https:\/\/armstrongyregion.com.ar\/diario\/wp-json\/wp\/v2\/posts"}],"about":[{"href":"https:\/\/armstrongyregion.com.ar\/diario\/wp-json\/wp\/v2\/types\/post"}],"author":[{"embeddable":true,"href":"https:\/\/armstrongyregion.com.ar\/diario\/wp-json\/wp\/v2\/users\/1"}],"replies":[{"embeddable":true,"href":"https:\/\/armstrongyregion.com.ar\/diario\/wp-json\/wp\/v2\/comments?post=35579"}],"version-history":[{"count":1,"href":"https:\/\/armstrongyregion.com.ar\/diario\/wp-json\/wp\/v2\/posts\/35579\/revisions"}],"predecessor-version":[{"id":35582,"href":"https:\/\/armstrongyregion.com.ar\/diario\/wp-json\/wp\/v2\/posts\/35579\/revisions\/35582"}],"wp:featuredmedia":[{"embeddable":true,"href":"https:\/\/armstrongyregion.com.ar\/diario\/wp-json\/wp\/v2\/media\/35581"}],"wp:attachment":[{"href":"https:\/\/armstrongyregion.com.ar\/diario\/wp-json\/wp\/v2\/media?parent=35579"}],"wp:term":[{"taxonomy":"category","embeddable":true,"href":"https:\/\/armstrongyregion.com.ar\/diario\/wp-json\/wp\/v2\/categories?post=35579"},{"taxonomy":"post_tag","embeddable":true,"href":"https:\/\/armstrongyregion.com.ar\/diario\/wp-json\/wp\/v2\/tags?post=35579"}],"curies":[{"name":"wp","href":"https:\/\/api.w.org\/{rel}","templated":true}]}}