{"id":35576,"date":"2022-08-26T01:28:39","date_gmt":"2022-08-26T01:28:39","guid":{"rendered":"https:\/\/armstrongyregion.com.ar\/diario\/?p=35576"},"modified":"2022-08-26T01:28:40","modified_gmt":"2022-08-26T01:28:40","slug":"canada-de-gomez-municipio-avanza-en-el-funcionamiento-del-polo-tecnologico","status":"publish","type":"post","link":"https:\/\/armstrongyregion.com.ar\/diario\/canada-de-gomez-municipio-avanza-en-el-funcionamiento-del-polo-tecnologico\/","title":{"rendered":"Ca\u00f1ada de G\u00f3mez. Municipio avanza en el funcionamiento del polo tecnol\u00f3gico."},"content":{"rendered":"\n<figure class=\"wp-block-image size-large\"><img loading=\"lazy\" decoding=\"async\" width=\"640\" height=\"401\" src=\"http:\/\/armstrongyregion.com.ar\/diario\/wp-content\/uploads\/2022\/08\/polo-tecnologico-ca\u00f1ada.jpg\" alt=\"\" class=\"wp-image-35577\" srcset=\"https:\/\/armstrongyregion.com.ar\/diario\/wp-content\/uploads\/2022\/08\/polo-tecnologico-ca\u00f1ada.jpg 640w, https:\/\/armstrongyregion.com.ar\/diario\/wp-content\/uploads\/2022\/08\/polo-tecnologico-ca\u00f1ada-300x188.jpg 300w\" sizes=\"auto, (max-width: 640px) 100vw, 640px\" \/><\/figure>\n\n\n\n<p>La intendenta Stella Cl\u00e9rici convoc\u00f3 a autoridades de Inti, Conicet, Gobierno de Santa Fe, Fudeca, consorcio de los Parques Industriales y empresas para la firma del acta fundacional del Polo Tecnol\u00f3gico y designaci\u00f3n de integrantes del Consejo de Administraci\u00f3n y coordinador.<\/p>\n\n\n\n<p>As\u00ed mismo se anunci\u00f3 que en breve se habilitar\u00e1 un espacio de capacitaci\u00f3n y coworking. El principal objetivo es posicionar a la ciudad como un centro de referencia regional en el desarrollo cient\u00edfico y la innovaci\u00f3n tecnol\u00f3gica. \u201cSe consolida este polo y seguimos trabajando entre sector p\u00fablico y privado para que nuestras industrias sean cada vez m\u00e1s competitivas\u201d, expres\u00f3 Cl\u00e9rici.&nbsp;<\/p>\n","protected":false},"excerpt":{"rendered":"<p>La intendenta Stella Cl\u00e9rici convoc\u00f3 a autoridades de Inti, Conicet, Gobierno de Santa Fe, Fudeca, consorcio de los Parques Industriales y empresas para la firma del acta fundacional del Polo Tecnol\u00f3gico y designaci\u00f3n de integrantes del Consejo de Administraci\u00f3n y coordinador. As\u00ed mismo se anunci\u00f3 que en breve se habilitar\u00e1 un espacio de capacitaci\u00f3n y <a href=\"https:\/\/armstrongyregion.com.ar\/diario\/canada-de-gomez-municipio-avanza-en-el-funcionamiento-del-polo-tecnologico\/\" title=\"Read more\" >&#8230;<\/a><\/p>\n","protected":false},"author":1,"featured_media":35577,"comment_status":"open","ping_status":"open","sticky":false,"template":"","format":"image","meta":{"_jetpack_memberships_contains_paid_content":false,"footnotes":"","jetpack_publicize_message":"","jetpack_publicize_feature_enabled":true,"jetpack_social_post_already_shared":true,"jetpack_social_options":{"image_generator_settings":{"template":"highway","default_image_id":0,"enabled":false},"version":2}},"categories":[8,1,2,7,3],"tags":[],"class_list":["post-35576","post","type-post","status-publish","format-image","has-post-thumbnail","hentry","category-deliberando","category-diario-armstrong","category-locales","category-politica","category-region","post_format-post-format-image"],"jetpack_publicize_connections":[],"jetpack_featured_media_url":"https:\/\/armstrongyregion.com.ar\/diario\/wp-content\/uploads\/2022\/08\/polo-tecnologico-ca\u00f1ada.jpg","jetpack_shortlink":"https:\/\/wp.me\/p62QDO-9fO","jetpack_sharing_enabled":true,"amp_enabled":true,"_links":{"self":[{"href":"https:\/\/armstrongyregion.com.ar\/diario\/wp-json\/wp\/v2\/posts\/35576","targetHints":{"allow":["GET"]}}],"collection":[{"href":"https:\/\/armstrongyregion.com.ar\/diario\/wp-json\/wp\/v2\/posts"}],"about":[{"href":"https:\/\/armstrongyregion.com.ar\/diario\/wp-json\/wp\/v2\/types\/post"}],"author":[{"embeddable":true,"href":"https:\/\/armstrongyregion.com.ar\/diario\/wp-json\/wp\/v2\/users\/1"}],"replies":[{"embeddable":true,"href":"https:\/\/armstrongyregion.com.ar\/diario\/wp-json\/wp\/v2\/comments?post=35576"}],"version-history":[{"count":1,"href":"https:\/\/armstrongyregion.com.ar\/diario\/wp-json\/wp\/v2\/posts\/35576\/revisions"}],"predecessor-version":[{"id":35578,"href":"https:\/\/armstrongyregion.com.ar\/diario\/wp-json\/wp\/v2\/posts\/35576\/revisions\/35578"}],"wp:featuredmedia":[{"embeddable":true,"href":"https:\/\/armstrongyregion.com.ar\/diario\/wp-json\/wp\/v2\/media\/35577"}],"wp:attachment":[{"href":"https:\/\/armstrongyregion.com.ar\/diario\/wp-json\/wp\/v2\/media?parent=35576"}],"wp:term":[{"taxonomy":"category","embeddable":true,"href":"https:\/\/armstrongyregion.com.ar\/diario\/wp-json\/wp\/v2\/categories?post=35576"},{"taxonomy":"post_tag","embeddable":true,"href":"https:\/\/armstrongyregion.com.ar\/diario\/wp-json\/wp\/v2\/tags?post=35576"}],"curies":[{"name":"wp","href":"https:\/\/api.w.org\/{rel}","templated":true}]}}