{"id":35562,"date":"2022-08-25T02:27:16","date_gmt":"2022-08-25T02:27:16","guid":{"rendered":"https:\/\/armstrongyregion.com.ar\/diario\/?p=35562"},"modified":"2022-08-25T02:27:17","modified_gmt":"2022-08-25T02:27:17","slug":"la-provincia-presento-la-exposicion-vivi-santa-fe-el-encuentro-del-turismo-y-comercio","status":"publish","type":"post","link":"https:\/\/armstrongyregion.com.ar\/diario\/la-provincia-presento-la-exposicion-vivi-santa-fe-el-encuentro-del-turismo-y-comercio\/","title":{"rendered":"La provincia present\u00f3 la exposici\u00f3n \u201cViv\u00ed Santa Fe, el encuentro del turismo y comercio\u201d"},"content":{"rendered":"\n<figure class=\"wp-block-image size-large\"><img loading=\"lazy\" decoding=\"async\" width=\"558\" height=\"314\" src=\"http:\/\/armstrongyregion.com.ar\/diario\/wp-content\/uploads\/2022\/08\/Turismo-Santa-Fe.jpg\" alt=\"\" class=\"wp-image-35563\" srcset=\"https:\/\/armstrongyregion.com.ar\/diario\/wp-content\/uploads\/2022\/08\/Turismo-Santa-Fe.jpg 558w, https:\/\/armstrongyregion.com.ar\/diario\/wp-content\/uploads\/2022\/08\/Turismo-Santa-Fe-300x169.jpg 300w\" sizes=\"auto, (max-width: 558px) 100vw, 558px\" \/><\/figure>\n\n\n\n<h2 class=\"wp-block-heading\"> Fue este mi\u00e9rcoles en el Ministerio de Producci\u00f3n, Ciencia y Tecnolog\u00eda. El evento se desarrollar\u00e1 del 1 al 4 de septiembre en la ciudad de Santa Fe. <\/h2>\n\n\n\n<p>El Ministerio de Producci\u00f3n, Ciencia y Tecnolog\u00eda present\u00f3 este mi\u00e9rcoles la exposici\u00f3n \u201cViv\u00ed Santa Fe, el encuentro del turismo y comercio\u201d, evento que se realizar\u00e1 del 1\u00b0 al 4 de septiembre,en la Estaci\u00f3n Belgrano de la ciudad de Santa Fe, y que cuenta con un importante acompa\u00f1amiento del Gobierno Provincial.<\/p>\n\n\n\n<p>La presentaci\u00f3n se desarroll\u00f3 en la sede de la cartera productiva en la capital provincial y estuvo encabezada por el ministro Daniel Costamagna quien manifest\u00f3: \u201cTenemos un entusiasmo enorme con este proyecto que tiene que ver con lo que es nuestra provincia en aspectos productivos, tur\u00edsticos, gastron\u00f3micos y, fundamentalmente, en esta impronta que tenemos del trabajo articulado y coordinado permanentemente con las instituciones, con el esfuerzo que hacen cientos de empresarios y trabajadores que forman una estructura que pone a la provincia a la vanguardia del crecimiento productivo, industrial y tur\u00edstico. En ese marco, desde el Gobierno Provincial accionamos para brindar herramientas para sostener el entramado productivo\u201d.<\/p>\n\n\n\n<p>\u201cTodos somos parte de este proyecto y es un orgullo mostrar lo que tenemos y lo que somos capaces de dar -continu\u00f3 el funcionario-. Esta es una iniciativa que vamos a apoyar con la absoluta convicci\u00f3n de poder contribuir al conocimiento de la mejor provincia del pa\u00eds, en la que vemos al turismo como parte de su historia. En esa historia est\u00e1n incluidos desde los inmigrantes hasta las inversiones que se est\u00e1n haciendo actualmente y, seguramente, eso posibilitar\u00e1 que en sus d\u00edas de merecido descanso los santafesinos y las santafesinas puedan disfrutar de todo este entramado. Es un gran desaf\u00edo, es trabajo y es producci\u00f3n\u201d, asegur\u00f3.<\/p>\n\n\n\n<p>Por su parte, el secretario de Turismo, Alejandro Grandinetti, sostuvo que \u201cno hay actividad privada que est\u00e9 alejada del sector p\u00fablico, de su acompa\u00f1amiento; eso es lo que estamos haciendo ahora\u201d, y destac\u00f3: \u201cEl dato de esa comuni\u00f3n de objetivos estrat\u00e9gicos, claros y transparentes, no permite mostrar a la provincia liderando todos los \u00edndices de crecimiento econ\u00f3mico en el pa\u00eds\u201d.<\/p>\n\n\n\n<p>\u201cLos datos en materia de turismo son muy alentadores, pero nos faltaba el encuentro -agreg\u00f3 Grandinetti-, poder expresar en un \u00e1mbito como este lo que es para la provincia, que tiene una gran diversidad de pueblos y ciudades, con su idiosincrasia y paisajes. Creo que nuestros empresarios, cient\u00edficos, representantes del sector comercial demuestran lo que somos\u201d.<\/p>\n\n\n\n<p>Viv\u00ed Santa Fe \u201ces superaci\u00f3n y nuevos desaf\u00edos, es poder encontrarnos y creer que tenemos algo para mostrar y compartir con los santafesinos y santafesinas y con toda la Argentina. Ser\u00e1 el primero de muchos y no me cabe dudas que en este tipo de acciones encontraremos resultados positivos\u201d, concluy\u00f3.<\/p>\n\n\n\n<p>Mientras, el secretario de Comercio Interior y Servicios, Juan Marcos Aviano, indic\u00f3: \u201cNos parece necesario poner en valor algo in\u00e9dito como esta exposici\u00f3n, que vincular\u00e1 al turismo con todo el encadenamiento productivo y comercial. Hacemos comercio con el turismo y generamos negocios. El desaf\u00edo es ese, poder trabajar con todos los sectores y eslabones, teniendo la cabeza comercial y empresaria al servicio del turismo\u201d.<\/p>\n\n\n\n<p>\u201cDesde nuestra Secretar\u00eda acompa\u00f1aremos eso, con charlas, con rondas de negocios vinculadas a los conceptos que tendremos que aplicar para abocarnos al turismo y las nuevas tendencias. Queremos invitar a las entidades comerciales a sumarse a este hecho in\u00e9dito y poner todo al servicio de esta actividad que todav\u00eda tiene mucho por recorrer. Tenemos que ir hacia un cambio de l\u00f3gica en c\u00f3mo el turismo genera mucho al comercio y que en cada uno de nuestros destinos podamos tener a todos los sectores minoristas. Por eso es fundamental que FECECO haya convocado a todas las c\u00e1maras, a los centros comerciales y de cielo abierto; se puede hacer turismo con la producci\u00f3n\u201d, expres\u00f3 Aviano.<\/p>\n\n\n\n<p>Por \u00faltimo, el presidente de la Federaci\u00f3n de C\u00e1maras Empresarias del Comercio y otra Actividades de la Provincia de Santa Fe (FECECO), Eduardo Taborda, asegur\u00f3: \u201cEstamos presentando algo in\u00e9dito en la provincia de Santa Fe, para que podamos so\u00f1ar, recorrerla y vivir cada lugar que tenemos; debemos celebrar esta sinergia entre lo p\u00fablico y lo privado. Este esfuerzo lo hacemos entre todos, la provincia entera estar\u00e1 en Viv\u00ed Santa Fe, ser\u00e1 un encuentro de los santafesinos y santafesinas para poder descubrir nuestro querido territorio\u201d.<\/p>\n\n\n\n<p><strong>LA EXPOSICI\u00d3N<\/strong><\/p>\n\n\n\n<p>\u201cViv\u00ed Santa Fe, el encuentro del turismo y comercio\u201d tiene por objetivo poner en valor a las identidades locales y regionales; generar un mapa de actores y propiciar un espacio de di\u00e1logo e intercambio entre ellos; brindar acceso directo a los productos, favoreciendo el comercio justo y el surgimiento de mercados de productores locales; y generar nuevas rutas tur\u00edsticas y gastron\u00f3micas.<\/p>\n\n\n\n<p>Es organizada por la Fececo y auspiciada por el Gobierno Provincial a trav\u00e9s del Ministerio de Producci\u00f3n, Ciencia y Tecnolog\u00eda.<\/p>\n","protected":false},"excerpt":{"rendered":"<p>Fue este mi\u00e9rcoles en el Ministerio de Producci\u00f3n, Ciencia y Tecnolog\u00eda. El evento se desarrollar\u00e1 del 1 al 4 de septiembre en la ciudad de Santa Fe. El Ministerio de Producci\u00f3n, Ciencia y Tecnolog\u00eda present\u00f3 este mi\u00e9rcoles la exposici\u00f3n \u201cViv\u00ed Santa Fe, el encuentro del turismo y comercio\u201d, evento que se realizar\u00e1 del 1\u00b0 al <a href=\"https:\/\/armstrongyregion.com.ar\/diario\/la-provincia-presento-la-exposicion-vivi-santa-fe-el-encuentro-del-turismo-y-comercio\/\" title=\"Read more\" >&#8230;<\/a><\/p>\n","protected":false},"author":1,"featured_media":35563,"comment_status":"open","ping_status":"open","sticky":false,"template":"","format":"image","meta":{"_jetpack_memberships_contains_paid_content":false,"footnotes":"","jetpack_publicize_message":"","jetpack_publicize_feature_enabled":true,"jetpack_social_post_already_shared":true,"jetpack_social_options":{"image_generator_settings":{"template":"highway","default_image_id":0,"enabled":false},"version":2}},"categories":[8,1,2,7,3],"tags":[],"class_list":["post-35562","post","type-post","status-publish","format-image","has-post-thumbnail","hentry","category-deliberando","category-diario-armstrong","category-locales","category-politica","category-region","post_format-post-format-image"],"jetpack_publicize_connections":[],"jetpack_featured_media_url":"https:\/\/armstrongyregion.com.ar\/diario\/wp-content\/uploads\/2022\/08\/Turismo-Santa-Fe.jpg","jetpack_shortlink":"https:\/\/wp.me\/p62QDO-9fA","jetpack_sharing_enabled":true,"amp_enabled":true,"_links":{"self":[{"href":"https:\/\/armstrongyregion.com.ar\/diario\/wp-json\/wp\/v2\/posts\/35562","targetHints":{"allow":["GET"]}}],"collection":[{"href":"https:\/\/armstrongyregion.com.ar\/diario\/wp-json\/wp\/v2\/posts"}],"about":[{"href":"https:\/\/armstrongyregion.com.ar\/diario\/wp-json\/wp\/v2\/types\/post"}],"author":[{"embeddable":true,"href":"https:\/\/armstrongyregion.com.ar\/diario\/wp-json\/wp\/v2\/users\/1"}],"replies":[{"embeddable":true,"href":"https:\/\/armstrongyregion.com.ar\/diario\/wp-json\/wp\/v2\/comments?post=35562"}],"version-history":[{"count":1,"href":"https:\/\/armstrongyregion.com.ar\/diario\/wp-json\/wp\/v2\/posts\/35562\/revisions"}],"predecessor-version":[{"id":35564,"href":"https:\/\/armstrongyregion.com.ar\/diario\/wp-json\/wp\/v2\/posts\/35562\/revisions\/35564"}],"wp:featuredmedia":[{"embeddable":true,"href":"https:\/\/armstrongyregion.com.ar\/diario\/wp-json\/wp\/v2\/media\/35563"}],"wp:attachment":[{"href":"https:\/\/armstrongyregion.com.ar\/diario\/wp-json\/wp\/v2\/media?parent=35562"}],"wp:term":[{"taxonomy":"category","embeddable":true,"href":"https:\/\/armstrongyregion.com.ar\/diario\/wp-json\/wp\/v2\/categories?post=35562"},{"taxonomy":"post_tag","embeddable":true,"href":"https:\/\/armstrongyregion.com.ar\/diario\/wp-json\/wp\/v2\/tags?post=35562"}],"curies":[{"name":"wp","href":"https:\/\/api.w.org\/{rel}","templated":true}]}}