{"id":35559,"date":"2022-08-25T02:13:22","date_gmt":"2022-08-25T02:13:22","guid":{"rendered":"https:\/\/armstrongyregion.com.ar\/diario\/?p=35559"},"modified":"2022-08-25T02:13:23","modified_gmt":"2022-08-25T02:13:23","slug":"nueva-ordenanza-fomento-a-los-artistas-locales","status":"publish","type":"post","link":"https:\/\/armstrongyregion.com.ar\/diario\/nueva-ordenanza-fomento-a-los-artistas-locales\/","title":{"rendered":"Nueva ordenanza. Fomento a los artistas locales."},"content":{"rendered":"\n<figure class=\"wp-block-image size-large\"><img loading=\"lazy\" decoding=\"async\" width=\"540\" height=\"562\" src=\"http:\/\/armstrongyregion.com.ar\/diario\/wp-content\/uploads\/2022\/08\/Fischer-Fischer-Concejo-.jpg\" alt=\"\" class=\"wp-image-35560\" srcset=\"https:\/\/armstrongyregion.com.ar\/diario\/wp-content\/uploads\/2022\/08\/Fischer-Fischer-Concejo-.jpg 540w, https:\/\/armstrongyregion.com.ar\/diario\/wp-content\/uploads\/2022\/08\/Fischer-Fischer-Concejo--288x300.jpg 288w\" sizes=\"auto, (max-width: 540px) 100vw, 540px\" \/><\/figure>\n\n\n\n<p>\nEn\nla noche del pasado martes, al termino de la sesion ordinaria, la\nconcejal Luz Marina Fischer expres\u00f3: \u201cSe\naprob\u00f3 una ordenanza\nque\npresent\u00f3\nnuestro bloque hace\nun par de a\u00f1os destinada al fomento de los artistas locales\u201d.<\/p>\n\n\n\n<p>\nLos\nprincipales puntos son:<\/p>\n\n\n\n<p>\n&#8211;\nRegistro gratuito de artistas locales (con 2 a\u00f1os de residencia en\nla ciudad), para que se inscriban m\u00fasicos solistas o bandas,\nbailarines, grupos de danzas entre otros)<\/p>\n\n\n\n<p>\n&#8211;\nObligaci\u00f3n del Municipio de contratar artistas locales inscriptos en\nel registro en TODOS los eventos p\u00fablicos que organice. \n<\/p>\n\n\n\n<p>\n&#8211;\nObligaci\u00f3n del Municipio de pagarles un cachet previamente acordado\nentre el artista y la Secretar\u00eda de Cultura. \n<\/p>\n\n\n\n<p>\n\u201cLos\nartistas locales necesitaban el desarrollo de una pol\u00edtica p\u00fablica\nque contribuya con la formaci\u00f3n, producci\u00f3n, difusi\u00f3n y generaci\u00f3n\nde empleo del sector.<\/p>\n\n\n\n<p>\nCon\nesta ordenanza se valora y reconoce a nuestros artistas locales por\nsu contribuci\u00f3n al afianzamiento de la cultura\u201d. Expres\u00f3 Fischer.<\/p>\n","protected":false},"excerpt":{"rendered":"<p>En la noche del pasado martes, al termino de la sesion ordinaria, la concejal Luz Marina Fischer expres\u00f3: \u201cSe aprob\u00f3 una ordenanza que present\u00f3 nuestro bloque hace un par de a\u00f1os destinada al fomento de los artistas locales\u201d. Los principales puntos son: &#8211; Registro gratuito de artistas locales (con 2 a\u00f1os de residencia en la <a href=\"https:\/\/armstrongyregion.com.ar\/diario\/nueva-ordenanza-fomento-a-los-artistas-locales\/\" title=\"Read more\" >&#8230;<\/a><\/p>\n","protected":false},"author":1,"featured_media":35560,"comment_status":"open","ping_status":"open","sticky":false,"template":"","format":"image","meta":{"_jetpack_memberships_contains_paid_content":false,"footnotes":"","jetpack_publicize_message":"","jetpack_publicize_feature_enabled":true,"jetpack_social_post_already_shared":true,"jetpack_social_options":{"image_generator_settings":{"template":"highway","default_image_id":0,"enabled":false},"version":2}},"categories":[8,1,2,7],"tags":[],"class_list":["post-35559","post","type-post","status-publish","format-image","has-post-thumbnail","hentry","category-deliberando","category-diario-armstrong","category-locales","category-politica","post_format-post-format-image"],"jetpack_publicize_connections":[],"jetpack_featured_media_url":"https:\/\/armstrongyregion.com.ar\/diario\/wp-content\/uploads\/2022\/08\/Fischer-Fischer-Concejo-.jpg","jetpack_shortlink":"https:\/\/wp.me\/p62QDO-9fx","jetpack_sharing_enabled":true,"amp_enabled":true,"_links":{"self":[{"href":"https:\/\/armstrongyregion.com.ar\/diario\/wp-json\/wp\/v2\/posts\/35559","targetHints":{"allow":["GET"]}}],"collection":[{"href":"https:\/\/armstrongyregion.com.ar\/diario\/wp-json\/wp\/v2\/posts"}],"about":[{"href":"https:\/\/armstrongyregion.com.ar\/diario\/wp-json\/wp\/v2\/types\/post"}],"author":[{"embeddable":true,"href":"https:\/\/armstrongyregion.com.ar\/diario\/wp-json\/wp\/v2\/users\/1"}],"replies":[{"embeddable":true,"href":"https:\/\/armstrongyregion.com.ar\/diario\/wp-json\/wp\/v2\/comments?post=35559"}],"version-history":[{"count":1,"href":"https:\/\/armstrongyregion.com.ar\/diario\/wp-json\/wp\/v2\/posts\/35559\/revisions"}],"predecessor-version":[{"id":35561,"href":"https:\/\/armstrongyregion.com.ar\/diario\/wp-json\/wp\/v2\/posts\/35559\/revisions\/35561"}],"wp:featuredmedia":[{"embeddable":true,"href":"https:\/\/armstrongyregion.com.ar\/diario\/wp-json\/wp\/v2\/media\/35560"}],"wp:attachment":[{"href":"https:\/\/armstrongyregion.com.ar\/diario\/wp-json\/wp\/v2\/media?parent=35559"}],"wp:term":[{"taxonomy":"category","embeddable":true,"href":"https:\/\/armstrongyregion.com.ar\/diario\/wp-json\/wp\/v2\/categories?post=35559"},{"taxonomy":"post_tag","embeddable":true,"href":"https:\/\/armstrongyregion.com.ar\/diario\/wp-json\/wp\/v2\/tags?post=35559"}],"curies":[{"name":"wp","href":"https:\/\/api.w.org\/{rel}","templated":true}]}}