{"id":35553,"date":"2022-08-24T16:37:18","date_gmt":"2022-08-24T16:37:18","guid":{"rendered":"https:\/\/armstrongyregion.com.ar\/diario\/?p=35553"},"modified":"2022-08-24T16:37:19","modified_gmt":"2022-08-24T16:37:19","slug":"clerici-recorrio-avances-en-la-obra-de-ampliacion-del-jardin-hornerito","status":"publish","type":"post","link":"https:\/\/armstrongyregion.com.ar\/diario\/clerici-recorrio-avances-en-la-obra-de-ampliacion-del-jardin-hornerito\/","title":{"rendered":"Cl\u00e9rici recorri\u00f3 avances en la obra de ampliaci\u00f3n del Jard\u00edn Hornerito."},"content":{"rendered":"\n<figure class=\"wp-block-image size-large\"><img loading=\"lazy\" decoding=\"async\" width=\"400\" height=\"300\" src=\"http:\/\/armstrongyregion.com.ar\/diario\/wp-content\/uploads\/2022\/08\/Clerici-jardin-horne.jpg\" alt=\"\" class=\"wp-image-35554\" srcset=\"https:\/\/armstrongyregion.com.ar\/diario\/wp-content\/uploads\/2022\/08\/Clerici-jardin-horne.jpg 400w, https:\/\/armstrongyregion.com.ar\/diario\/wp-content\/uploads\/2022\/08\/Clerici-jardin-horne-300x225.jpg 300w\" sizes=\"auto, (max-width: 400px) 100vw, 400px\" \/><\/figure>\n\n\n\n<p>En el marco de los 48 a\u00f1os del Jard\u00edn Hornerito, la intendenta Stella Cl\u00e9rici recorri\u00f3 los avances en la obra de ampliaci\u00f3n, que se lleva adelante con financiamiento del Gobierno Nacional, en un trabajo articulado con el Gobierno Provincial y el Municipio.<\/p>\n\n\n\n<p>Con esta obra que comprende la ampliaci\u00f3n de cuatro salas con sanitarios, galer\u00edas y sal\u00f3n de usos m\u00faltiples, se brindar\u00e1 una notoria mejora a la comunidad educativa de la instituci\u00f3n. \u201cEstamos felices de celebrar los 48 a\u00f1os con la obra en marcha. Felicidades a toda la comunidad educativa que a diario trabaja con tanto cari\u00f1o y esmero por la instituci\u00f3n\u201d, expres\u00f3 Cl\u00e9rici.<\/p>\n","protected":false},"excerpt":{"rendered":"<p>En el marco de los 48 a\u00f1os del Jard\u00edn Hornerito, la intendenta Stella Cl\u00e9rici recorri\u00f3 los avances en la obra de ampliaci\u00f3n, que se lleva adelante con financiamiento del Gobierno Nacional, en un trabajo articulado con el Gobierno Provincial y el Municipio. Con esta obra que comprende la ampliaci\u00f3n de cuatro salas con sanitarios, galer\u00edas <a href=\"https:\/\/armstrongyregion.com.ar\/diario\/clerici-recorrio-avances-en-la-obra-de-ampliacion-del-jardin-hornerito\/\" title=\"Read more\" >&#8230;<\/a><\/p>\n","protected":false},"author":1,"featured_media":35554,"comment_status":"open","ping_status":"open","sticky":false,"template":"","format":"image","meta":{"_jetpack_memberships_contains_paid_content":false,"footnotes":"","jetpack_publicize_message":"","jetpack_publicize_feature_enabled":true,"jetpack_social_post_already_shared":true,"jetpack_social_options":{"image_generator_settings":{"template":"highway","default_image_id":0,"enabled":false},"version":2}},"categories":[6,8,1,7,3],"tags":[],"class_list":["post-35553","post","type-post","status-publish","format-image","has-post-thumbnail","hentry","category-cultura-entretenimiento","category-deliberando","category-diario-armstrong","category-politica","category-region","post_format-post-format-image"],"jetpack_publicize_connections":[],"jetpack_featured_media_url":"https:\/\/armstrongyregion.com.ar\/diario\/wp-content\/uploads\/2022\/08\/Clerici-jardin-horne.jpg","jetpack_shortlink":"https:\/\/wp.me\/p62QDO-9fr","jetpack_sharing_enabled":true,"amp_enabled":true,"_links":{"self":[{"href":"https:\/\/armstrongyregion.com.ar\/diario\/wp-json\/wp\/v2\/posts\/35553","targetHints":{"allow":["GET"]}}],"collection":[{"href":"https:\/\/armstrongyregion.com.ar\/diario\/wp-json\/wp\/v2\/posts"}],"about":[{"href":"https:\/\/armstrongyregion.com.ar\/diario\/wp-json\/wp\/v2\/types\/post"}],"author":[{"embeddable":true,"href":"https:\/\/armstrongyregion.com.ar\/diario\/wp-json\/wp\/v2\/users\/1"}],"replies":[{"embeddable":true,"href":"https:\/\/armstrongyregion.com.ar\/diario\/wp-json\/wp\/v2\/comments?post=35553"}],"version-history":[{"count":1,"href":"https:\/\/armstrongyregion.com.ar\/diario\/wp-json\/wp\/v2\/posts\/35553\/revisions"}],"predecessor-version":[{"id":35555,"href":"https:\/\/armstrongyregion.com.ar\/diario\/wp-json\/wp\/v2\/posts\/35553\/revisions\/35555"}],"wp:featuredmedia":[{"embeddable":true,"href":"https:\/\/armstrongyregion.com.ar\/diario\/wp-json\/wp\/v2\/media\/35554"}],"wp:attachment":[{"href":"https:\/\/armstrongyregion.com.ar\/diario\/wp-json\/wp\/v2\/media?parent=35553"}],"wp:term":[{"taxonomy":"category","embeddable":true,"href":"https:\/\/armstrongyregion.com.ar\/diario\/wp-json\/wp\/v2\/categories?post=35553"},{"taxonomy":"post_tag","embeddable":true,"href":"https:\/\/armstrongyregion.com.ar\/diario\/wp-json\/wp\/v2\/tags?post=35553"}],"curies":[{"name":"wp","href":"https:\/\/api.w.org\/{rel}","templated":true}]}}