{"id":35532,"date":"2022-08-22T20:39:31","date_gmt":"2022-08-22T20:39:31","guid":{"rendered":"https:\/\/armstrongyregion.com.ar\/diario\/?p=35532"},"modified":"2022-08-22T20:39:32","modified_gmt":"2022-08-22T20:39:32","slug":"clerici-y-casalegno-habilitaron-el-nuevo-espacio-donde-funciona-el-centro-conin","status":"publish","type":"post","link":"https:\/\/armstrongyregion.com.ar\/diario\/clerici-y-casalegno-habilitaron-el-nuevo-espacio-donde-funciona-el-centro-conin\/","title":{"rendered":"Cl\u00e9rici y Casalegno habilitaron el nuevo espacio donde funciona el centro Conin."},"content":{"rendered":"\n<figure class=\"wp-block-image size-large\"><img loading=\"lazy\" decoding=\"async\" width=\"400\" height=\"300\" src=\"http:\/\/armstrongyregion.com.ar\/diario\/wp-content\/uploads\/2022\/08\/Clerici-Cenin-.jpg\" alt=\"\" class=\"wp-image-35533\" srcset=\"https:\/\/armstrongyregion.com.ar\/diario\/wp-content\/uploads\/2022\/08\/Clerici-Cenin-.jpg 400w, https:\/\/armstrongyregion.com.ar\/diario\/wp-content\/uploads\/2022\/08\/Clerici-Cenin--300x225.jpg 300w\" sizes=\"auto, (max-width: 400px) 100vw, 400px\" \/><\/figure>\n\n\n\n<p>La intendenta Stella Cl\u00e9rici y el presidente del Concejo, Marcelo Casalegno, habilitaron el nuevo espacio que el Municipio puso a disposici\u00f3n de \u201cCentro Con\u00edn\u201d y la Asociaci\u00f3n Civil \u201cPor una ni\u00f1ez con esperanza\u201d, en el SUM del polideportivo V\u00edctor y Agulino Carbonari.<\/p>\n\n\n\n<p>Este lugar, remodelado y adaptado con diferentes \u00e1reas permitir\u00e1 mayor comodidad en las actividades que llevan adelante en su trabajo en materia de inclusi\u00f3n, contenci\u00f3n y promoci\u00f3n de derechos de los ni\u00f1os y ni\u00f1as. \u201cCon mucha alegr\u00eda habilitamos las nuevas instalaciones de Centro Conin.&nbsp; Vamos a seguir trabajando con nuestras instituciones en el cuidado y la protecci\u00f3n de nuestras infancias\u201d, expres\u00f3 Cl\u00e9rici.&nbsp;<br><\/p>\n","protected":false},"excerpt":{"rendered":"<p>La intendenta Stella Cl\u00e9rici y el presidente del Concejo, Marcelo Casalegno, habilitaron el nuevo espacio que el Municipio puso a disposici\u00f3n de \u201cCentro Con\u00edn\u201d y la Asociaci\u00f3n Civil \u201cPor una ni\u00f1ez con esperanza\u201d, en el SUM del polideportivo V\u00edctor y Agulino Carbonari. Este lugar, remodelado y adaptado con diferentes \u00e1reas permitir\u00e1 mayor comodidad en las <a href=\"https:\/\/armstrongyregion.com.ar\/diario\/clerici-y-casalegno-habilitaron-el-nuevo-espacio-donde-funciona-el-centro-conin\/\" title=\"Read more\" >&#8230;<\/a><\/p>\n","protected":false},"author":1,"featured_media":35533,"comment_status":"open","ping_status":"open","sticky":false,"template":"","format":"image","meta":{"_jetpack_memberships_contains_paid_content":false,"footnotes":"","jetpack_publicize_message":"","jetpack_publicize_feature_enabled":true,"jetpack_social_post_already_shared":true,"jetpack_social_options":{"image_generator_settings":{"template":"highway","default_image_id":0,"enabled":false},"version":2}},"categories":[8,1,7,3],"tags":[],"class_list":["post-35532","post","type-post","status-publish","format-image","has-post-thumbnail","hentry","category-deliberando","category-diario-armstrong","category-politica","category-region","post_format-post-format-image"],"jetpack_publicize_connections":[],"jetpack_featured_media_url":"https:\/\/armstrongyregion.com.ar\/diario\/wp-content\/uploads\/2022\/08\/Clerici-Cenin-.jpg","jetpack_shortlink":"https:\/\/wp.me\/p62QDO-9f6","jetpack_sharing_enabled":true,"amp_enabled":true,"_links":{"self":[{"href":"https:\/\/armstrongyregion.com.ar\/diario\/wp-json\/wp\/v2\/posts\/35532","targetHints":{"allow":["GET"]}}],"collection":[{"href":"https:\/\/armstrongyregion.com.ar\/diario\/wp-json\/wp\/v2\/posts"}],"about":[{"href":"https:\/\/armstrongyregion.com.ar\/diario\/wp-json\/wp\/v2\/types\/post"}],"author":[{"embeddable":true,"href":"https:\/\/armstrongyregion.com.ar\/diario\/wp-json\/wp\/v2\/users\/1"}],"replies":[{"embeddable":true,"href":"https:\/\/armstrongyregion.com.ar\/diario\/wp-json\/wp\/v2\/comments?post=35532"}],"version-history":[{"count":1,"href":"https:\/\/armstrongyregion.com.ar\/diario\/wp-json\/wp\/v2\/posts\/35532\/revisions"}],"predecessor-version":[{"id":35534,"href":"https:\/\/armstrongyregion.com.ar\/diario\/wp-json\/wp\/v2\/posts\/35532\/revisions\/35534"}],"wp:featuredmedia":[{"embeddable":true,"href":"https:\/\/armstrongyregion.com.ar\/diario\/wp-json\/wp\/v2\/media\/35533"}],"wp:attachment":[{"href":"https:\/\/armstrongyregion.com.ar\/diario\/wp-json\/wp\/v2\/media?parent=35532"}],"wp:term":[{"taxonomy":"category","embeddable":true,"href":"https:\/\/armstrongyregion.com.ar\/diario\/wp-json\/wp\/v2\/categories?post=35532"},{"taxonomy":"post_tag","embeddable":true,"href":"https:\/\/armstrongyregion.com.ar\/diario\/wp-json\/wp\/v2\/tags?post=35532"}],"curies":[{"name":"wp","href":"https:\/\/api.w.org\/{rel}","templated":true}]}}