{"id":35523,"date":"2022-08-19T16:57:20","date_gmt":"2022-08-19T16:57:20","guid":{"rendered":"https:\/\/armstrongyregion.com.ar\/diario\/?p=35523"},"modified":"2022-08-19T16:57:21","modified_gmt":"2022-08-19T16:57:21","slug":"el-domingo-festejamos-el-dia-de-las-infancias","status":"publish","type":"post","link":"https:\/\/armstrongyregion.com.ar\/diario\/el-domingo-festejamos-el-dia-de-las-infancias\/","title":{"rendered":"El domingo festejamos el D\u00eda de las Infancias."},"content":{"rendered":"\n<figure class=\"wp-block-image size-large\"><img loading=\"lazy\" decoding=\"async\" width=\"640\" height=\"639\" src=\"http:\/\/armstrongyregion.com.ar\/diario\/wp-content\/uploads\/2022\/08\/placa_dia_infancias.jpg\" alt=\"\" class=\"wp-image-35524\" srcset=\"https:\/\/armstrongyregion.com.ar\/diario\/wp-content\/uploads\/2022\/08\/placa_dia_infancias.jpg 640w, https:\/\/armstrongyregion.com.ar\/diario\/wp-content\/uploads\/2022\/08\/placa_dia_infancias-300x300.jpg 300w, https:\/\/armstrongyregion.com.ar\/diario\/wp-content\/uploads\/2022\/08\/placa_dia_infancias-150x150.jpg 150w\" sizes=\"auto, (max-width: 640px) 100vw, 640px\" \/><\/figure>\n\n\n\n<p>La Municipalidad de Armstrong invita a todas las familias de la ciudad, especialmente a los ni\u00f1os que las integran, a participar del festejo por el d\u00eda de las infancias que se realizar\u00e1 el domingo 21 de agosto a partir de las 14 hs. en Plaza San Mart\u00edn.<\/p>\n\n\n\n<p>Participar\u00e1 el grupo Echando Ra\u00edces con estaciones de entretenimiento con juegos, aprendizajes, diversi\u00f3n, actividades art\u00edsticas y l\u00fadicas para los m\u00e1s chicos.<\/p>\n\n\n\n<p>Se presentar\u00e1n los integrantes de la Feria Sabores y Colores Locales, dos grupos infanto juveniles de ritmos, y quienes asistieron al taller municipal de Cocineritos Kids con una demostraci\u00f3n de c\u00f3mo se elaboran algunos productos, que luego compartir\u00e1n con el p\u00fablico.<\/p>\n\n\n\n<p>M\u00fasica, pochoclos, inflables y sorpresas para que todos puedan disfrutar en la tarde de un d\u00eda muy especial para homenajear a los ni\u00f1os.<\/p>\n","protected":false},"excerpt":{"rendered":"<p>La Municipalidad de Armstrong invita a todas las familias de la ciudad, especialmente a los ni\u00f1os que las integran, a participar del festejo por el d\u00eda de las infancias que se realizar\u00e1 el domingo 21 de agosto a partir de las 14 hs. en Plaza San Mart\u00edn. Participar\u00e1 el grupo Echando Ra\u00edces con estaciones de <a href=\"https:\/\/armstrongyregion.com.ar\/diario\/el-domingo-festejamos-el-dia-de-las-infancias\/\" title=\"Read more\" >&#8230;<\/a><\/p>\n","protected":false},"author":1,"featured_media":35524,"comment_status":"open","ping_status":"open","sticky":false,"template":"","format":"image","meta":{"_jetpack_memberships_contains_paid_content":false,"footnotes":"","jetpack_publicize_message":"","jetpack_publicize_feature_enabled":true,"jetpack_social_post_already_shared":true,"jetpack_social_options":{"image_generator_settings":{"template":"highway","default_image_id":0,"enabled":false},"version":2}},"categories":[6,8,1,2,7,3],"tags":[],"class_list":["post-35523","post","type-post","status-publish","format-image","has-post-thumbnail","hentry","category-cultura-entretenimiento","category-deliberando","category-diario-armstrong","category-locales","category-politica","category-region","post_format-post-format-image"],"jetpack_publicize_connections":[],"jetpack_featured_media_url":"https:\/\/armstrongyregion.com.ar\/diario\/wp-content\/uploads\/2022\/08\/placa_dia_infancias.jpg","jetpack_shortlink":"https:\/\/wp.me\/p62QDO-9eX","jetpack_sharing_enabled":true,"amp_enabled":true,"_links":{"self":[{"href":"https:\/\/armstrongyregion.com.ar\/diario\/wp-json\/wp\/v2\/posts\/35523","targetHints":{"allow":["GET"]}}],"collection":[{"href":"https:\/\/armstrongyregion.com.ar\/diario\/wp-json\/wp\/v2\/posts"}],"about":[{"href":"https:\/\/armstrongyregion.com.ar\/diario\/wp-json\/wp\/v2\/types\/post"}],"author":[{"embeddable":true,"href":"https:\/\/armstrongyregion.com.ar\/diario\/wp-json\/wp\/v2\/users\/1"}],"replies":[{"embeddable":true,"href":"https:\/\/armstrongyregion.com.ar\/diario\/wp-json\/wp\/v2\/comments?post=35523"}],"version-history":[{"count":1,"href":"https:\/\/armstrongyregion.com.ar\/diario\/wp-json\/wp\/v2\/posts\/35523\/revisions"}],"predecessor-version":[{"id":35525,"href":"https:\/\/armstrongyregion.com.ar\/diario\/wp-json\/wp\/v2\/posts\/35523\/revisions\/35525"}],"wp:featuredmedia":[{"embeddable":true,"href":"https:\/\/armstrongyregion.com.ar\/diario\/wp-json\/wp\/v2\/media\/35524"}],"wp:attachment":[{"href":"https:\/\/armstrongyregion.com.ar\/diario\/wp-json\/wp\/v2\/media?parent=35523"}],"wp:term":[{"taxonomy":"category","embeddable":true,"href":"https:\/\/armstrongyregion.com.ar\/diario\/wp-json\/wp\/v2\/categories?post=35523"},{"taxonomy":"post_tag","embeddable":true,"href":"https:\/\/armstrongyregion.com.ar\/diario\/wp-json\/wp\/v2\/tags?post=35523"}],"curies":[{"name":"wp","href":"https:\/\/api.w.org\/{rel}","templated":true}]}}