{"id":35518,"date":"2022-08-19T16:50:49","date_gmt":"2022-08-19T16:50:49","guid":{"rendered":"https:\/\/armstrongyregion.com.ar\/diario\/?p=35518"},"modified":"2022-08-19T16:50:51","modified_gmt":"2022-08-19T16:50:51","slug":"armstrong-quedo-habilitada-la-muestra-historia-sobre-ruedas-de-sebastian-montaiuti","status":"publish","type":"post","link":"https:\/\/armstrongyregion.com.ar\/diario\/armstrong-quedo-habilitada-la-muestra-historia-sobre-ruedas-de-sebastian-montaiuti\/","title":{"rendered":"Armstrong. Qued\u00f3 habilitada la muestra \u201cHistoria sobre ruedas\u201d, de Sebasti\u00e1n Montaiuti."},"content":{"rendered":"\n<figure class=\"wp-block-image size-large\"><img loading=\"lazy\" decoding=\"async\" width=\"1000\" height=\"563\" src=\"http:\/\/armstrongyregion.com.ar\/diario\/wp-content\/uploads\/2022\/08\/verdecchia-muestra-1-.jpg\" alt=\"\" class=\"wp-image-35519\" srcset=\"https:\/\/armstrongyregion.com.ar\/diario\/wp-content\/uploads\/2022\/08\/verdecchia-muestra-1-.jpg 1000w, https:\/\/armstrongyregion.com.ar\/diario\/wp-content\/uploads\/2022\/08\/verdecchia-muestra-1--300x169.jpg 300w, https:\/\/armstrongyregion.com.ar\/diario\/wp-content\/uploads\/2022\/08\/verdecchia-muestra-1--768x432.jpg 768w\" sizes=\"auto, (max-width: 1000px) 100vw, 1000px\" \/><\/figure>\n\n\n\n<p>El jueves 18 de agosto en el Museo Hist\u00f3rico Municipal qued\u00f3 habilitada la muestra \u201cHistoria sobre ruedas\u201d, de Sebasti\u00e1n Montaiuti. Se trata de una parte de una colecci\u00f3n de m\u00e1s de mil piezas que ser\u00e1n expuestas hasta el&nbsp; domingo 18 de septiembre.<\/p>\n\n\n\n<figure class=\"wp-block-image size-large\"><img loading=\"lazy\" decoding=\"async\" width=\"500\" height=\"282\" src=\"http:\/\/armstrongyregion.com.ar\/diario\/wp-content\/uploads\/2022\/08\/verdecchia-muestra-2-.jpg\" alt=\"\" class=\"wp-image-35520\" srcset=\"https:\/\/armstrongyregion.com.ar\/diario\/wp-content\/uploads\/2022\/08\/verdecchia-muestra-2-.jpg 500w, https:\/\/armstrongyregion.com.ar\/diario\/wp-content\/uploads\/2022\/08\/verdecchia-muestra-2--300x169.jpg 300w\" sizes=\"auto, (max-width: 500px) 100vw, 500px\" \/><\/figure>\n\n\n\n<p>&nbsp;El p\u00fablico que acompa\u00f1\u00f3 ese momento qued\u00f3 asombrado por lo presentado ya que, sobre todo a los m\u00e1s grandes, les trajo el recuerdo y la nostalgia de otras \u00e9pocas con las r\u00e9plicas a escala de autos cl\u00e1sicos argentinos, Ferraris, de colecci\u00f3n, de competici\u00f3n, de series y pel\u00edculas, adem\u00e1s de algunas maquetas y personajes.<\/p>\n\n\n\n<figure class=\"wp-block-image size-large\"><img loading=\"lazy\" decoding=\"async\" width=\"500\" height=\"282\" src=\"http:\/\/armstrongyregion.com.ar\/diario\/wp-content\/uploads\/2022\/08\/verdecchia-muestra-3-.jpg\" alt=\"\" class=\"wp-image-35521\" srcset=\"https:\/\/armstrongyregion.com.ar\/diario\/wp-content\/uploads\/2022\/08\/verdecchia-muestra-3-.jpg 500w, https:\/\/armstrongyregion.com.ar\/diario\/wp-content\/uploads\/2022\/08\/verdecchia-muestra-3--300x169.jpg 300w\" sizes=\"auto, (max-width: 500px) 100vw, 500px\" \/><\/figure>\n\n\n\n<p>Tambi\u00e9n se disfrut\u00f3 de una degustaci\u00f3n de vinos de Vinoteca Mala Cara, de Eva Fabro y flia.,&nbsp; con Bodega Araujo y Bodega \u00c1vila Wines junto a la presencia de uno de sus responsables el en\u00f3logo Alejandro \u00c1vila. Todo esto acompa\u00f1ado por Alloa Vanguard Quesos, de la localidad de Ca\u00f1ada Rosqu\u00edn, y un peceto de cerdo ahumado natural Halal\u00ed, elaborado en la ciudad de Las Rosas. Estos&nbsp; exquisitos productos se pueden conseguir en la vinoteca Mala Cara.&nbsp;<\/p>\n\n\n\n<p>\u201cHistoria sobre ruedas\u201d estar\u00e1 a disposici\u00f3n del p\u00fablico durante el mes de agosto, de martes a viernes de 8 a 12 hs., jueves y viernes de 14 a 17 hs.&nbsp;<\/p>\n\n\n\n<p>A partir de septiembre, el Museo abrir\u00e1 sus puertas tambi\u00e9n los d\u00edas domingos.<\/p>\n","protected":false},"excerpt":{"rendered":"<p>El jueves 18 de agosto en el Museo Hist\u00f3rico Municipal qued\u00f3 habilitada la muestra \u201cHistoria sobre ruedas\u201d, de Sebasti\u00e1n Montaiuti. Se trata de una parte de una colecci\u00f3n de m\u00e1s de mil piezas que ser\u00e1n expuestas hasta el&nbsp; domingo 18 de septiembre. &nbsp;El p\u00fablico que acompa\u00f1\u00f3 ese momento qued\u00f3 asombrado por lo presentado ya que, <a href=\"https:\/\/armstrongyregion.com.ar\/diario\/armstrong-quedo-habilitada-la-muestra-historia-sobre-ruedas-de-sebastian-montaiuti\/\" title=\"Read more\" >&#8230;<\/a><\/p>\n","protected":false},"author":1,"featured_media":35521,"comment_status":"open","ping_status":"open","sticky":false,"template":"","format":"image","meta":{"_jetpack_memberships_contains_paid_content":false,"footnotes":"","jetpack_publicize_message":"","jetpack_publicize_feature_enabled":true,"jetpack_social_post_already_shared":true,"jetpack_social_options":{"image_generator_settings":{"template":"highway","default_image_id":0,"enabled":false},"version":2}},"categories":[8,1,2,7,3],"tags":[],"class_list":["post-35518","post","type-post","status-publish","format-image","has-post-thumbnail","hentry","category-deliberando","category-diario-armstrong","category-locales","category-politica","category-region","post_format-post-format-image"],"jetpack_publicize_connections":[],"jetpack_featured_media_url":"https:\/\/armstrongyregion.com.ar\/diario\/wp-content\/uploads\/2022\/08\/verdecchia-muestra-3-.jpg","jetpack_shortlink":"https:\/\/wp.me\/p62QDO-9eS","jetpack_sharing_enabled":true,"amp_enabled":true,"_links":{"self":[{"href":"https:\/\/armstrongyregion.com.ar\/diario\/wp-json\/wp\/v2\/posts\/35518","targetHints":{"allow":["GET"]}}],"collection":[{"href":"https:\/\/armstrongyregion.com.ar\/diario\/wp-json\/wp\/v2\/posts"}],"about":[{"href":"https:\/\/armstrongyregion.com.ar\/diario\/wp-json\/wp\/v2\/types\/post"}],"author":[{"embeddable":true,"href":"https:\/\/armstrongyregion.com.ar\/diario\/wp-json\/wp\/v2\/users\/1"}],"replies":[{"embeddable":true,"href":"https:\/\/armstrongyregion.com.ar\/diario\/wp-json\/wp\/v2\/comments?post=35518"}],"version-history":[{"count":1,"href":"https:\/\/armstrongyregion.com.ar\/diario\/wp-json\/wp\/v2\/posts\/35518\/revisions"}],"predecessor-version":[{"id":35522,"href":"https:\/\/armstrongyregion.com.ar\/diario\/wp-json\/wp\/v2\/posts\/35518\/revisions\/35522"}],"wp:featuredmedia":[{"embeddable":true,"href":"https:\/\/armstrongyregion.com.ar\/diario\/wp-json\/wp\/v2\/media\/35521"}],"wp:attachment":[{"href":"https:\/\/armstrongyregion.com.ar\/diario\/wp-json\/wp\/v2\/media?parent=35518"}],"wp:term":[{"taxonomy":"category","embeddable":true,"href":"https:\/\/armstrongyregion.com.ar\/diario\/wp-json\/wp\/v2\/categories?post=35518"},{"taxonomy":"post_tag","embeddable":true,"href":"https:\/\/armstrongyregion.com.ar\/diario\/wp-json\/wp\/v2\/tags?post=35518"}],"curies":[{"name":"wp","href":"https:\/\/api.w.org\/{rel}","templated":true}]}}