{"id":35495,"date":"2022-08-18T23:39:22","date_gmt":"2022-08-18T23:39:22","guid":{"rendered":"https:\/\/armstrongyregion.com.ar\/diario\/?p=35495"},"modified":"2022-08-18T23:39:22","modified_gmt":"2022-08-18T23:39:22","slug":"docentes-medicos-y-empleados-estatales-decretaron-un-paro-para-este-viernes","status":"publish","type":"post","link":"https:\/\/armstrongyregion.com.ar\/diario\/docentes-medicos-y-empleados-estatales-decretaron-un-paro-para-este-viernes\/","title":{"rendered":"Docentes, m\u00e9dicos y empleados estatales decretaron un paro para este viernes."},"content":{"rendered":"\n<figure class=\"wp-block-image size-large\"><img loading=\"lazy\" decoding=\"async\" width=\"847\" height=\"476\" src=\"http:\/\/armstrongyregion.com.ar\/diario\/wp-content\/uploads\/2017\/11\/parodocente.jpg_1305449671-2.jpg\" alt=\"\" class=\"wp-image-15220\" srcset=\"https:\/\/armstrongyregion.com.ar\/diario\/wp-content\/uploads\/2017\/11\/parodocente.jpg_1305449671-2.jpg 847w, https:\/\/armstrongyregion.com.ar\/diario\/wp-content\/uploads\/2017\/11\/parodocente.jpg_1305449671-2-300x169.jpg 300w\" sizes=\"auto, (max-width: 847px) 100vw, 847px\" \/><\/figure>\n\n\n\n<h2 class=\"wp-block-heading\"> Los maestros tambi\u00e9n har\u00e1n medidas de fuerza martes, mi\u00e9rcoles y jueves de la semana pr\u00f3xima, 30 y 31 de este mes y el 1 de septiembre. Los gremios se movilizar\u00e1n en la plaza San Mart\u00edn.<\/h2>\n\n\n\n<p>Los docentes de toda la provincia&nbsp;<strong>votaron la moci\u00f3n de paro por 24 horas para este viernes, y seis d\u00edas m\u00e1s: martes, mi\u00e9rcoles y jueves de la pr\u00f3xima semana; 30 y 31 de este mes y el 1 de septiembre<\/strong>. Maestros de las escuelas privadas se sumar\u00e1n a estas medidas de fuerza. En tanto, los gremios que agrupan a los&nbsp;<strong>empleados estatales&nbsp;<\/strong>(ATE) y los&nbsp;<strong>m\u00e9dicos<\/strong>&nbsp;aglutinados en Siprus adherir\u00e1n a la medida de fuerza de este viernes.<\/p>\n\n\n\n<p>Reclaman la\u00a0<strong>reapertura de las negociaciones paritarias con la provincia\u00a0<\/strong>y adelanto de los tramos a ra\u00edz de la p\u00e9rdida del poder adquisitivo por los altos \u00edndices de inflaci\u00f3n, que en el \u00faltimo gravamen de julio arroj\u00f3 un 7,4% para la canasta b\u00e1sica.<\/p>\n\n\n\n<p><strong>Voceros gremiales anticiparon un paro contundente y anticiparon que tambi\u00e9n<\/strong>&nbsp;<strong>habr\u00e1 medidas de fuerza la semana pr\u00f3xima y la siguiente<\/strong>.<\/p>\n\n\n\n<p>En tanto ma\u00f1ana habr\u00e1 una&nbsp;<strong>movilizaci\u00f3n de todos los gremios en la plaza San Mart\u00edn, frente a la sede de la Gobernaci\u00f3n<\/strong>.<\/p>\n\n\n\n<p>Con una masiva participaci\u00f3n de docentes afiliados y afiliadas a Amsaf\u00e9, se realizaron las asambleas departamentales en el marco de la convocatoria a asamblea provincial ante la negativa del gobierno provincial de convocar a la paritaria. En estas reuniones se decidi\u00f3 la convocatoria al paro de ma\u00f1ana.<\/p>\n\n\n\n<p><strong>Por su parte, el titular del gremio de los docentes de escuelas privadas, Mart\u00edn Lucero, ratific\u00f3 que se unir\u00e1n a las medidas de fuerza que decrete Amsaf\u00e9.\u00a0<\/strong>Por lo tanto, tampoco habr\u00e1 clases en los colegios de gesti\u00f3n privada ma\u00f1ana y la pr\u00f3xima semana los d\u00edas que a\u00fan faltan definir.<\/p>\n\n\n\n<figure class=\"wp-block-image size-large\"><img loading=\"lazy\" decoding=\"async\" width=\"540\" height=\"540\" src=\"http:\/\/armstrongyregion.com.ar\/diario\/wp-content\/uploads\/2022\/08\/AMSAFE1808.jpg\" alt=\"\" class=\"wp-image-35496\" srcset=\"https:\/\/armstrongyregion.com.ar\/diario\/wp-content\/uploads\/2022\/08\/AMSAFE1808.jpg 540w, https:\/\/armstrongyregion.com.ar\/diario\/wp-content\/uploads\/2022\/08\/AMSAFE1808-300x300.jpg 300w, https:\/\/armstrongyregion.com.ar\/diario\/wp-content\/uploads\/2022\/08\/AMSAFE1808-150x150.jpg 150w\" sizes=\"auto, (max-width: 540px) 100vw, 540px\" \/><\/figure>\n\n\n\n<p>La Capital.com<\/p>\n","protected":false},"excerpt":{"rendered":"<p>Los maestros tambi\u00e9n har\u00e1n medidas de fuerza martes, mi\u00e9rcoles y jueves de la semana pr\u00f3xima, 30 y 31 de este mes y el 1 de septiembre. Los gremios se movilizar\u00e1n en la plaza San Mart\u00edn. Los docentes de toda la provincia&nbsp;votaron la moci\u00f3n de paro por 24 horas para este viernes, y seis d\u00edas m\u00e1s: <a href=\"https:\/\/armstrongyregion.com.ar\/diario\/docentes-medicos-y-empleados-estatales-decretaron-un-paro-para-este-viernes\/\" title=\"Read more\" >&#8230;<\/a><\/p>\n","protected":false},"author":1,"featured_media":15220,"comment_status":"open","ping_status":"open","sticky":false,"template":"","format":"image","meta":{"_jetpack_memberships_contains_paid_content":false,"footnotes":"","jetpack_publicize_message":"","jetpack_publicize_feature_enabled":true,"jetpack_social_post_already_shared":true,"jetpack_social_options":{"image_generator_settings":{"template":"highway","default_image_id":0,"enabled":false},"version":2}},"categories":[6,8,1,2,7,3],"tags":[],"class_list":["post-35495","post","type-post","status-publish","format-image","has-post-thumbnail","hentry","category-cultura-entretenimiento","category-deliberando","category-diario-armstrong","category-locales","category-politica","category-region","post_format-post-format-image"],"jetpack_publicize_connections":[],"jetpack_featured_media_url":"https:\/\/armstrongyregion.com.ar\/diario\/wp-content\/uploads\/2017\/11\/parodocente.jpg_1305449671-2.jpg","jetpack_shortlink":"https:\/\/wp.me\/p62QDO-9ev","jetpack_sharing_enabled":true,"amp_enabled":true,"_links":{"self":[{"href":"https:\/\/armstrongyregion.com.ar\/diario\/wp-json\/wp\/v2\/posts\/35495","targetHints":{"allow":["GET"]}}],"collection":[{"href":"https:\/\/armstrongyregion.com.ar\/diario\/wp-json\/wp\/v2\/posts"}],"about":[{"href":"https:\/\/armstrongyregion.com.ar\/diario\/wp-json\/wp\/v2\/types\/post"}],"author":[{"embeddable":true,"href":"https:\/\/armstrongyregion.com.ar\/diario\/wp-json\/wp\/v2\/users\/1"}],"replies":[{"embeddable":true,"href":"https:\/\/armstrongyregion.com.ar\/diario\/wp-json\/wp\/v2\/comments?post=35495"}],"version-history":[{"count":1,"href":"https:\/\/armstrongyregion.com.ar\/diario\/wp-json\/wp\/v2\/posts\/35495\/revisions"}],"predecessor-version":[{"id":35497,"href":"https:\/\/armstrongyregion.com.ar\/diario\/wp-json\/wp\/v2\/posts\/35495\/revisions\/35497"}],"wp:featuredmedia":[{"embeddable":true,"href":"https:\/\/armstrongyregion.com.ar\/diario\/wp-json\/wp\/v2\/media\/15220"}],"wp:attachment":[{"href":"https:\/\/armstrongyregion.com.ar\/diario\/wp-json\/wp\/v2\/media?parent=35495"}],"wp:term":[{"taxonomy":"category","embeddable":true,"href":"https:\/\/armstrongyregion.com.ar\/diario\/wp-json\/wp\/v2\/categories?post=35495"},{"taxonomy":"post_tag","embeddable":true,"href":"https:\/\/armstrongyregion.com.ar\/diario\/wp-json\/wp\/v2\/tags?post=35495"}],"curies":[{"name":"wp","href":"https:\/\/api.w.org\/{rel}","templated":true}]}}