{"id":35457,"date":"2022-08-16T21:36:58","date_gmt":"2022-08-16T21:36:58","guid":{"rendered":"https:\/\/armstrongyregion.com.ar\/diario\/?p=35457"},"modified":"2022-08-16T21:36:59","modified_gmt":"2022-08-16T21:36:59","slug":"armstrong-acto-oficial-del-17-de-agosto","status":"publish","type":"post","link":"https:\/\/armstrongyregion.com.ar\/diario\/armstrong-acto-oficial-del-17-de-agosto\/","title":{"rendered":"Armstrong. Acto oficial del 17 de agosto."},"content":{"rendered":"\n<figure class=\"wp-block-image size-large\"><img loading=\"lazy\" decoding=\"async\" width=\"640\" height=\"637\" src=\"http:\/\/armstrongyregion.com.ar\/diario\/wp-content\/uploads\/2022\/08\/placa_acto_17_agosto.jpg\" alt=\"\" class=\"wp-image-35458\" srcset=\"https:\/\/armstrongyregion.com.ar\/diario\/wp-content\/uploads\/2022\/08\/placa_acto_17_agosto.jpg 640w, https:\/\/armstrongyregion.com.ar\/diario\/wp-content\/uploads\/2022\/08\/placa_acto_17_agosto-300x300.jpg 300w, https:\/\/armstrongyregion.com.ar\/diario\/wp-content\/uploads\/2022\/08\/placa_acto_17_agosto-150x150.jpg 150w\" sizes=\"auto, (max-width: 640px) 100vw, 640px\" \/><\/figure>\n\n\n\n<p>La Municipalidad de Armstrong invita a toda la comunidad a participar del acto oficial con motivo de un nuevo aniversario del paso a la inmortalidad del Gral. Don Jos\u00e9 de San Mart\u00edn, el d\u00eda mi\u00e9rcoles 17 de agosto a las 14:30 hs. en la plaza que lleva su nombre.<\/p>\n\n\n\n<p>Participan las comunidades educativas de la Escuela N\u00b0 2100 \u201cGabriela Brimmer\u201d y Jard\u00edn de Infantes N\u00b0 84 \u201cEl Aromo\u201d.<\/p>\n\n\n\n<p>Se invita a embanderar los edificios. En caso de lluvia se realizar\u00e1 en la Estaci\u00f3n M\u00e1s.<\/p>\n","protected":false},"excerpt":{"rendered":"<p>La Municipalidad de Armstrong invita a toda la comunidad a participar del acto oficial con motivo de un nuevo aniversario del paso a la inmortalidad del Gral. Don Jos\u00e9 de San Mart\u00edn, el d\u00eda mi\u00e9rcoles 17 de agosto a las 14:30 hs. en la plaza que lleva su nombre. Participan las comunidades educativas de la <a href=\"https:\/\/armstrongyregion.com.ar\/diario\/armstrong-acto-oficial-del-17-de-agosto\/\" title=\"Read more\" >&#8230;<\/a><\/p>\n","protected":false},"author":1,"featured_media":35458,"comment_status":"open","ping_status":"open","sticky":false,"template":"","format":"image","meta":{"_jetpack_memberships_contains_paid_content":false,"footnotes":"","jetpack_publicize_message":"","jetpack_publicize_feature_enabled":true,"jetpack_social_post_already_shared":true,"jetpack_social_options":{"image_generator_settings":{"template":"highway","default_image_id":0,"enabled":false},"version":2}},"categories":[6,8,1,2,7,3],"tags":[],"class_list":["post-35457","post","type-post","status-publish","format-image","has-post-thumbnail","hentry","category-cultura-entretenimiento","category-deliberando","category-diario-armstrong","category-locales","category-politica","category-region","post_format-post-format-image"],"jetpack_publicize_connections":[],"jetpack_featured_media_url":"https:\/\/armstrongyregion.com.ar\/diario\/wp-content\/uploads\/2022\/08\/placa_acto_17_agosto.jpg","jetpack_shortlink":"https:\/\/wp.me\/p62QDO-9dT","jetpack_sharing_enabled":true,"amp_enabled":true,"_links":{"self":[{"href":"https:\/\/armstrongyregion.com.ar\/diario\/wp-json\/wp\/v2\/posts\/35457","targetHints":{"allow":["GET"]}}],"collection":[{"href":"https:\/\/armstrongyregion.com.ar\/diario\/wp-json\/wp\/v2\/posts"}],"about":[{"href":"https:\/\/armstrongyregion.com.ar\/diario\/wp-json\/wp\/v2\/types\/post"}],"author":[{"embeddable":true,"href":"https:\/\/armstrongyregion.com.ar\/diario\/wp-json\/wp\/v2\/users\/1"}],"replies":[{"embeddable":true,"href":"https:\/\/armstrongyregion.com.ar\/diario\/wp-json\/wp\/v2\/comments?post=35457"}],"version-history":[{"count":1,"href":"https:\/\/armstrongyregion.com.ar\/diario\/wp-json\/wp\/v2\/posts\/35457\/revisions"}],"predecessor-version":[{"id":35459,"href":"https:\/\/armstrongyregion.com.ar\/diario\/wp-json\/wp\/v2\/posts\/35457\/revisions\/35459"}],"wp:featuredmedia":[{"embeddable":true,"href":"https:\/\/armstrongyregion.com.ar\/diario\/wp-json\/wp\/v2\/media\/35458"}],"wp:attachment":[{"href":"https:\/\/armstrongyregion.com.ar\/diario\/wp-json\/wp\/v2\/media?parent=35457"}],"wp:term":[{"taxonomy":"category","embeddable":true,"href":"https:\/\/armstrongyregion.com.ar\/diario\/wp-json\/wp\/v2\/categories?post=35457"},{"taxonomy":"post_tag","embeddable":true,"href":"https:\/\/armstrongyregion.com.ar\/diario\/wp-json\/wp\/v2\/tags?post=35457"}],"curies":[{"name":"wp","href":"https:\/\/api.w.org\/{rel}","templated":true}]}}