{"id":35454,"date":"2022-08-16T21:34:14","date_gmt":"2022-08-16T21:34:14","guid":{"rendered":"https:\/\/armstrongyregion.com.ar\/diario\/?p=35454"},"modified":"2022-08-16T21:34:15","modified_gmt":"2022-08-16T21:34:15","slug":"es-ley-la-incorporacion-del-suizo-al-patrimonio-cultural-e-historico-provincial","status":"publish","type":"post","link":"https:\/\/armstrongyregion.com.ar\/diario\/es-ley-la-incorporacion-del-suizo-al-patrimonio-cultural-e-historico-provincial\/","title":{"rendered":"Es Ley la incorporaci\u00f3n del \u201cSuizo\u201d al patrimonio cultural e hist\u00f3rico Provincial."},"content":{"rendered":"\n<figure class=\"wp-block-image size-large\"><img loading=\"lazy\" decoding=\"async\" width=\"465\" height=\"322\" src=\"http:\/\/armstrongyregion.com.ar\/diario\/wp-content\/uploads\/2022\/08\/social-rasetto.jpg\" alt=\"\" class=\"wp-image-35455\" srcset=\"https:\/\/armstrongyregion.com.ar\/diario\/wp-content\/uploads\/2022\/08\/social-rasetto.jpg 465w, https:\/\/armstrongyregion.com.ar\/diario\/wp-content\/uploads\/2022\/08\/social-rasetto-300x208.jpg 300w\" sizes=\"auto, (max-width: 465px) 100vw, 465px\" \/><\/figure>\n\n\n\n<p>\nLa C\u00e1mara de Diputados de la Provincia dio sanci\u00f3n definitiva al\nProyecto de Ley del Senador por Iriondo Hugo Rasetto que declara a\nlas instalaciones de la Sociedad Suiza de Ca\u00f1ada de G\u00f3mez como\nPatrimonio Cultural e Hist\u00f3rico Provincial. \u201cEsta ley traer\u00e1\nbeneficios para la instituci\u00f3n y permitir\u00e1 seguir adelante con la\npuesta en valor y preservaci\u00f3n de su patrimonio, luego de la\nreciente restauraci\u00f3n de su emblem\u00e1tico sal\u00f3n\u201d indic\u00f3 Rasetto.<\/p>\n\n\n\n<p>La Sociedad Suiza\nde Ca\u00f1ada de G\u00f3mez fue creada el 7 de noviembre de 1897 por\ninmigrantes suizos, con el objetivo de conservar las expresiones de\nsus ra\u00edces, afianzar el v\u00ednculo sociocultural con la tierra de\norigen y amalgamar s\u00f3lidos lazos con la Patria que los cobijaba.<\/p>\n\n\n\n<p>En 1938 se\ninaugur\u00f3 la propia sede, una construcci\u00f3n de estilo \u00abRacionalista\u00bb\ncon influencias del \u00abExpresionismo\u00bb, siendo un edificio\nreferente en su tipo, que impacta por la pureza de su dise\u00f1o.<\/p>\n\n\n\n<p>El conjunto posee\nun alto valor arquitect\u00f3nico y simb\u00f3lico para la comunidad que lo\nreconoce como propio, siendo un testimonio que simboliza la presencia\nde la inmigraci\u00f3n suiza como un componente importante en su\npoblaci\u00f3n e historia.<\/p>\n","protected":false},"excerpt":{"rendered":"<p>La C\u00e1mara de Diputados de la Provincia dio sanci\u00f3n definitiva al Proyecto de Ley del Senador por Iriondo Hugo Rasetto que declara a las instalaciones de la Sociedad Suiza de Ca\u00f1ada de G\u00f3mez como Patrimonio Cultural e Hist\u00f3rico Provincial. \u201cEsta ley traer\u00e1 beneficios para la instituci\u00f3n y permitir\u00e1 seguir adelante con la puesta en valor <a href=\"https:\/\/armstrongyregion.com.ar\/diario\/es-ley-la-incorporacion-del-suizo-al-patrimonio-cultural-e-historico-provincial\/\" title=\"Read more\" >&#8230;<\/a><\/p>\n","protected":false},"author":1,"featured_media":35455,"comment_status":"open","ping_status":"open","sticky":false,"template":"","format":"image","meta":{"_jetpack_memberships_contains_paid_content":false,"footnotes":"","jetpack_publicize_message":"","jetpack_publicize_feature_enabled":true,"jetpack_social_post_already_shared":true,"jetpack_social_options":{"image_generator_settings":{"template":"highway","default_image_id":0,"enabled":false},"version":2}},"categories":[8,1,2,7,3],"tags":[],"class_list":["post-35454","post","type-post","status-publish","format-image","has-post-thumbnail","hentry","category-deliberando","category-diario-armstrong","category-locales","category-politica","category-region","post_format-post-format-image"],"jetpack_publicize_connections":[],"jetpack_featured_media_url":"https:\/\/armstrongyregion.com.ar\/diario\/wp-content\/uploads\/2022\/08\/social-rasetto.jpg","jetpack_shortlink":"https:\/\/wp.me\/p62QDO-9dQ","jetpack_sharing_enabled":true,"amp_enabled":true,"_links":{"self":[{"href":"https:\/\/armstrongyregion.com.ar\/diario\/wp-json\/wp\/v2\/posts\/35454","targetHints":{"allow":["GET"]}}],"collection":[{"href":"https:\/\/armstrongyregion.com.ar\/diario\/wp-json\/wp\/v2\/posts"}],"about":[{"href":"https:\/\/armstrongyregion.com.ar\/diario\/wp-json\/wp\/v2\/types\/post"}],"author":[{"embeddable":true,"href":"https:\/\/armstrongyregion.com.ar\/diario\/wp-json\/wp\/v2\/users\/1"}],"replies":[{"embeddable":true,"href":"https:\/\/armstrongyregion.com.ar\/diario\/wp-json\/wp\/v2\/comments?post=35454"}],"version-history":[{"count":1,"href":"https:\/\/armstrongyregion.com.ar\/diario\/wp-json\/wp\/v2\/posts\/35454\/revisions"}],"predecessor-version":[{"id":35456,"href":"https:\/\/armstrongyregion.com.ar\/diario\/wp-json\/wp\/v2\/posts\/35454\/revisions\/35456"}],"wp:featuredmedia":[{"embeddable":true,"href":"https:\/\/armstrongyregion.com.ar\/diario\/wp-json\/wp\/v2\/media\/35455"}],"wp:attachment":[{"href":"https:\/\/armstrongyregion.com.ar\/diario\/wp-json\/wp\/v2\/media?parent=35454"}],"wp:term":[{"taxonomy":"category","embeddable":true,"href":"https:\/\/armstrongyregion.com.ar\/diario\/wp-json\/wp\/v2\/categories?post=35454"},{"taxonomy":"post_tag","embeddable":true,"href":"https:\/\/armstrongyregion.com.ar\/diario\/wp-json\/wp\/v2\/tags?post=35454"}],"curies":[{"name":"wp","href":"https:\/\/api.w.org\/{rel}","templated":true}]}}