{"id":35398,"date":"2022-08-09T22:32:12","date_gmt":"2022-08-09T22:32:12","guid":{"rendered":"https:\/\/armstrongyregion.com.ar\/diario\/?p=35398"},"modified":"2022-08-09T22:32:13","modified_gmt":"2022-08-09T22:32:13","slug":"%e2%80%8beste-martes-en-deliberando-amplio-panorama-de-la-actividad-municipal-de-las-rosas","status":"publish","type":"post","link":"https:\/\/armstrongyregion.com.ar\/diario\/%e2%80%8beste-martes-en-deliberando-amplio-panorama-de-la-actividad-municipal-de-las-rosas\/","title":{"rendered":"\u200bEste martes en DELIBERANDO, amplio panorama de la actividad municipal de Las Rosas."},"content":{"rendered":"\n<figure class=\"wp-block-image size-large\"><img loading=\"lazy\" decoding=\"async\" width=\"597\" height=\"405\" src=\"http:\/\/armstrongyregion.com.ar\/diario\/wp-content\/uploads\/2022\/08\/Javier-Meyer-9-8-22-.jpg\" alt=\"\" class=\"wp-image-35399\" srcset=\"https:\/\/armstrongyregion.com.ar\/diario\/wp-content\/uploads\/2022\/08\/Javier-Meyer-9-8-22-.jpg 597w, https:\/\/armstrongyregion.com.ar\/diario\/wp-content\/uploads\/2022\/08\/Javier-Meyer-9-8-22--300x204.jpg 300w\" sizes=\"auto, (max-width: 597px) 100vw, 597px\" \/><\/figure>\n\n\n\n<p>Hoy, nos visitar\u00e1 el intendente Javier Meyer, quien desarrollar\u00e1 como temario las reuniones que mantiene con profesionales y comisi\u00f3n del  SAMCO de esa ciudad.<\/p>\n\n\n\n<p>Tambi\u00e9n nos informar\u00e1 sobre las gestiones realizadas en Santa Fe, sobre un plan de obras p\u00fablicas que se viene desarrollando y la deuda por obras menores que a\u00fan no le fue liquidado a dicho municipio.<\/p>\n\n\n\n<p>Consultaremos sobre la obra de bacheo que realiza el personal municipal sobre la ruta nacional 178 en un extenso trayecto de la misma.<\/p>\n\n\n\n<p>Entre el trabajo que se esta realizando preguntaremos sobre el cambio de un ca\u00f1o maestro de cloacas y un demorado plan de viviendas ya aprobado.<\/p>\n\n\n\n<p>Todo este martes en DELIBERANDO, con la conducci\u00f3n de la licenciada Graciela de la Casa y Oscar Crispino.<\/p>\n\n\n\n<p> 21hs. Por Cable Imagen Armstrong.<\/p>\n","protected":false},"excerpt":{"rendered":"<p>Hoy, nos visitar\u00e1 el intendente Javier Meyer, quien desarrollar\u00e1 como temario las reuniones que mantiene con profesionales y comisi\u00f3n del SAMCO de esa ciudad. Tambi\u00e9n nos informar\u00e1 sobre las gestiones realizadas en Santa Fe, sobre un plan de obras p\u00fablicas que se viene desarrollando y la deuda por obras menores que a\u00fan no le fue <a href=\"https:\/\/armstrongyregion.com.ar\/diario\/%e2%80%8beste-martes-en-deliberando-amplio-panorama-de-la-actividad-municipal-de-las-rosas\/\" title=\"Read more\" >&#8230;<\/a><\/p>\n","protected":false},"author":1,"featured_media":35399,"comment_status":"open","ping_status":"open","sticky":false,"template":"","format":"image","meta":{"_jetpack_memberships_contains_paid_content":false,"footnotes":"","jetpack_publicize_message":"","jetpack_publicize_feature_enabled":true,"jetpack_social_post_already_shared":true,"jetpack_social_options":{"image_generator_settings":{"template":"highway","default_image_id":0,"enabled":false},"version":2}},"categories":[8,1,2,7,3],"tags":[],"class_list":["post-35398","post","type-post","status-publish","format-image","has-post-thumbnail","hentry","category-deliberando","category-diario-armstrong","category-locales","category-politica","category-region","post_format-post-format-image"],"jetpack_publicize_connections":[],"jetpack_featured_media_url":"https:\/\/armstrongyregion.com.ar\/diario\/wp-content\/uploads\/2022\/08\/Javier-Meyer-9-8-22-.jpg","jetpack_shortlink":"https:\/\/wp.me\/p62QDO-9cW","jetpack_sharing_enabled":true,"amp_enabled":true,"_links":{"self":[{"href":"https:\/\/armstrongyregion.com.ar\/diario\/wp-json\/wp\/v2\/posts\/35398","targetHints":{"allow":["GET"]}}],"collection":[{"href":"https:\/\/armstrongyregion.com.ar\/diario\/wp-json\/wp\/v2\/posts"}],"about":[{"href":"https:\/\/armstrongyregion.com.ar\/diario\/wp-json\/wp\/v2\/types\/post"}],"author":[{"embeddable":true,"href":"https:\/\/armstrongyregion.com.ar\/diario\/wp-json\/wp\/v2\/users\/1"}],"replies":[{"embeddable":true,"href":"https:\/\/armstrongyregion.com.ar\/diario\/wp-json\/wp\/v2\/comments?post=35398"}],"version-history":[{"count":1,"href":"https:\/\/armstrongyregion.com.ar\/diario\/wp-json\/wp\/v2\/posts\/35398\/revisions"}],"predecessor-version":[{"id":35400,"href":"https:\/\/armstrongyregion.com.ar\/diario\/wp-json\/wp\/v2\/posts\/35398\/revisions\/35400"}],"wp:featuredmedia":[{"embeddable":true,"href":"https:\/\/armstrongyregion.com.ar\/diario\/wp-json\/wp\/v2\/media\/35399"}],"wp:attachment":[{"href":"https:\/\/armstrongyregion.com.ar\/diario\/wp-json\/wp\/v2\/media?parent=35398"}],"wp:term":[{"taxonomy":"category","embeddable":true,"href":"https:\/\/armstrongyregion.com.ar\/diario\/wp-json\/wp\/v2\/categories?post=35398"},{"taxonomy":"post_tag","embeddable":true,"href":"https:\/\/armstrongyregion.com.ar\/diario\/wp-json\/wp\/v2\/tags?post=35398"}],"curies":[{"name":"wp","href":"https:\/\/api.w.org\/{rel}","templated":true}]}}