{"id":35391,"date":"2022-08-09T01:47:30","date_gmt":"2022-08-09T01:47:30","guid":{"rendered":"https:\/\/armstrongyregion.com.ar\/diario\/?p=35391"},"modified":"2022-08-09T01:47:31","modified_gmt":"2022-08-09T01:47:31","slug":"armstrong-se-renueva-el-bracito-fuerte","status":"publish","type":"post","link":"https:\/\/armstrongyregion.com.ar\/diario\/armstrong-se-renueva-el-bracito-fuerte\/","title":{"rendered":"Armstrong. Se renueva el Bracito Fuerte."},"content":{"rendered":"\n<figure class=\"wp-block-image size-large\"><img loading=\"lazy\" decoding=\"async\" width=\"675\" height=\"450\" src=\"http:\/\/armstrongyregion.com.ar\/diario\/wp-content\/uploads\/2022\/08\/Bracito-123-.jpg\" alt=\"\" class=\"wp-image-35392\" srcset=\"https:\/\/armstrongyregion.com.ar\/diario\/wp-content\/uploads\/2022\/08\/Bracito-123-.jpg 675w, https:\/\/armstrongyregion.com.ar\/diario\/wp-content\/uploads\/2022\/08\/Bracito-123--300x200.jpg 300w\" sizes=\"auto, (max-width: 675px) 100vw, 675px\" \/><\/figure>\n\n\n\n<p>Las autoridades y profesionales de la Municipalidad de Armstrong est\u00e1n trabajando en el mantenimiento y nueva planificaci\u00f3n del espacio p\u00fablico Bracito Fuerte.<\/p>\n\n\n\n<figure class=\"wp-block-image\"><img decoding=\"async\" src=\"https:\/\/www.armstrong.gov.ar\/2020\/images\/28073.jpg\" alt=\"28073\"\/><\/figure>\n\n\n\n<p>Cabe recordar que a principios de 2022, una tormenta importante con vientos muy intensos derrumb\u00f3 gran parte de los juegos que all\u00ed estaban instalados.<\/p>\n\n\n\n<p>A partir de esta situaci\u00f3n se inician los trabajos de extracci\u00f3n y poda en el arbolado p\u00fablico que se encontraba deteriorado, y se contin\u00faa con lo proyectado como la construcci\u00f3n de una platea que ser\u00e1 escenario para diversos eventos.<\/p>\n\n\n\n<figure class=\"wp-block-image\"><img decoding=\"async\" src=\"https:\/\/www.armstrong.gov.ar\/2020\/images\/28074.jpg\" alt=\"28074\"\/><\/figure>\n\n\n\n<p>Mediante las licitaciones p\u00fablicas correspondientes, N\u00b0 11 y N\u00b0 12\/2022 respectivamente, el municipio ha adquirido un multijuego y piso antigolpe, y adoquines que en breve ser\u00e1n instalados para mayor comodidad de los visitantes. Se reubicar\u00e1n los stands de la Feria Sabores y Colores Locales como tambi\u00e9n los nuevos mobiliarios.<\/p>\n\n\n\n<p>Las pr\u00f3ximas etapas prev\u00e9n la renovaci\u00f3n de la iluminaci\u00f3n con l\u00e1mparas led en todo el predio y la integraci\u00f3n del espacio con el Museo Hist\u00f3rico.<\/p>\n","protected":false},"excerpt":{"rendered":"<p>Las autoridades y profesionales de la Municipalidad de Armstrong est\u00e1n trabajando en el mantenimiento y nueva planificaci\u00f3n del espacio p\u00fablico Bracito Fuerte. Cabe recordar que a principios de 2022, una tormenta importante con vientos muy intensos derrumb\u00f3 gran parte de los juegos que all\u00ed estaban instalados. A partir de esta situaci\u00f3n se inician los trabajos <a href=\"https:\/\/armstrongyregion.com.ar\/diario\/armstrong-se-renueva-el-bracito-fuerte\/\" title=\"Read more\" >&#8230;<\/a><\/p>\n","protected":false},"author":1,"featured_media":35392,"comment_status":"open","ping_status":"open","sticky":false,"template":"","format":"image","meta":{"_jetpack_memberships_contains_paid_content":false,"footnotes":"","jetpack_publicize_message":"","jetpack_publicize_feature_enabled":true,"jetpack_social_post_already_shared":true,"jetpack_social_options":{"image_generator_settings":{"template":"highway","default_image_id":0,"enabled":false},"version":2}},"categories":[8,1,2,7,3],"tags":[],"class_list":["post-35391","post","type-post","status-publish","format-image","has-post-thumbnail","hentry","category-deliberando","category-diario-armstrong","category-locales","category-politica","category-region","post_format-post-format-image"],"jetpack_publicize_connections":[],"jetpack_featured_media_url":"https:\/\/armstrongyregion.com.ar\/diario\/wp-content\/uploads\/2022\/08\/Bracito-123-.jpg","jetpack_shortlink":"https:\/\/wp.me\/p62QDO-9cP","jetpack_sharing_enabled":true,"amp_enabled":true,"_links":{"self":[{"href":"https:\/\/armstrongyregion.com.ar\/diario\/wp-json\/wp\/v2\/posts\/35391","targetHints":{"allow":["GET"]}}],"collection":[{"href":"https:\/\/armstrongyregion.com.ar\/diario\/wp-json\/wp\/v2\/posts"}],"about":[{"href":"https:\/\/armstrongyregion.com.ar\/diario\/wp-json\/wp\/v2\/types\/post"}],"author":[{"embeddable":true,"href":"https:\/\/armstrongyregion.com.ar\/diario\/wp-json\/wp\/v2\/users\/1"}],"replies":[{"embeddable":true,"href":"https:\/\/armstrongyregion.com.ar\/diario\/wp-json\/wp\/v2\/comments?post=35391"}],"version-history":[{"count":1,"href":"https:\/\/armstrongyregion.com.ar\/diario\/wp-json\/wp\/v2\/posts\/35391\/revisions"}],"predecessor-version":[{"id":35393,"href":"https:\/\/armstrongyregion.com.ar\/diario\/wp-json\/wp\/v2\/posts\/35391\/revisions\/35393"}],"wp:featuredmedia":[{"embeddable":true,"href":"https:\/\/armstrongyregion.com.ar\/diario\/wp-json\/wp\/v2\/media\/35392"}],"wp:attachment":[{"href":"https:\/\/armstrongyregion.com.ar\/diario\/wp-json\/wp\/v2\/media?parent=35391"}],"wp:term":[{"taxonomy":"category","embeddable":true,"href":"https:\/\/armstrongyregion.com.ar\/diario\/wp-json\/wp\/v2\/categories?post=35391"},{"taxonomy":"post_tag","embeddable":true,"href":"https:\/\/armstrongyregion.com.ar\/diario\/wp-json\/wp\/v2\/tags?post=35391"}],"curies":[{"name":"wp","href":"https:\/\/api.w.org\/{rel}","templated":true}]}}