{"id":3539,"date":"2015-08-11T14:27:50","date_gmt":"2015-08-11T14:27:50","guid":{"rendered":"https:\/\/armstrongyregion.com.ar\/diario\/?p=3539"},"modified":"2015-08-11T14:27:50","modified_gmt":"2015-08-11T14:27:50","slug":"invitacion-acto-del-17-de-agosto-2015","status":"publish","type":"post","link":"https:\/\/armstrongyregion.com.ar\/diario\/invitacion-acto-del-17-de-agosto-2015\/","title":{"rendered":"Invitaci\u00f3n acto del 17 de agosto 2015."},"content":{"rendered":"<p><a href=\"http:\/\/armstrongyregion.com.ar\/diario\/wp-content\/uploads\/2015\/08\/17ago2015-copia.jpg\"><img loading=\"lazy\" decoding=\"async\" class=\"alignnone size-medium wp-image-3540\" src=\"http:\/\/armstrongyregion.com.ar\/diario\/wp-content\/uploads\/2015\/08\/17ago2015-copia-300x207.jpg\" alt=\"17ago2015 - armstrong-y-region\" width=\"300\" height=\"207\" srcset=\"https:\/\/armstrongyregion.com.ar\/diario\/wp-content\/uploads\/2015\/08\/17ago2015-copia-300x207.jpg 300w, https:\/\/armstrongyregion.com.ar\/diario\/wp-content\/uploads\/2015\/08\/17ago2015-copia-1024x708.jpg 1024w, https:\/\/armstrongyregion.com.ar\/diario\/wp-content\/uploads\/2015\/08\/17ago2015-copia.jpg 1662w\" sizes=\"auto, (max-width: 300px) 100vw, 300px\" \/><\/a>La Municipalidad de Armstrong invita a toda la ciudadan\u00eda a participar del acto en conmemoraci\u00f3n a un nuevo aniversario del fallecimiento del Gral. Jos\u00e9 de San Mart\u00edn, el lunes 17 de agosto a las 14 hs. en Plaza San Mart\u00edn.<\/p>\n<p>En la oportunidad, participar\u00e1n las comunidades educativas de las escuelas N\u00b0 262 \u201cDomingo F. Sarmiento\u201d y de Educaci\u00f3n T\u00e9cnica N\u00b0 291 \u201cTte. Cnel. Fray Luis Beltr\u00e1n\u201d.<\/p>\n<p>En caso de lluvia, el mismo se trasladar\u00e1 a la Estaci\u00f3n M\u00e1s.<\/p>\n","protected":false},"excerpt":{"rendered":"<p>La Municipalidad de Armstrong invita a toda la ciudadan\u00eda a participar del acto en conmemoraci\u00f3n a un nuevo aniversario del fallecimiento del Gral. Jos\u00e9 de San Mart\u00edn, el lunes 17 de agosto a las 14 hs. en Plaza San Mart\u00edn. En la oportunidad, participar\u00e1n las comunidades educativas de las escuelas N\u00b0 262 \u201cDomingo F. Sarmiento\u201d <a href=\"https:\/\/armstrongyregion.com.ar\/diario\/invitacion-acto-del-17-de-agosto-2015\/\" title=\"Read more\" >&#8230;<\/a><\/p>\n","protected":false},"author":2,"featured_media":3540,"comment_status":"open","ping_status":"open","sticky":false,"template":"","format":"standard","meta":{"_jetpack_memberships_contains_paid_content":false,"footnotes":"","jetpack_publicize_message":"","jetpack_publicize_feature_enabled":true,"jetpack_social_post_already_shared":false,"jetpack_social_options":{"image_generator_settings":{"template":"highway","default_image_id":0,"enabled":false},"version":2}},"categories":[6,1,2],"tags":[1194,306,1212,2397,19,53,616],"class_list":["post-3539","post","type-post","status-publish","format-standard","has-post-thumbnail","hentry","category-cultura-entretenimiento","category-diario-armstrong","category-locales","tag-1194","tag-306","tag-acto","tag-agosto","tag-de","tag-del","tag-invitacion"],"jetpack_publicize_connections":[],"jetpack_featured_media_url":"https:\/\/armstrongyregion.com.ar\/diario\/wp-content\/uploads\/2015\/08\/17ago2015-copia.jpg","jetpack_shortlink":"https:\/\/wp.me\/p62QDO-V5","jetpack_sharing_enabled":true,"amp_enabled":true,"_links":{"self":[{"href":"https:\/\/armstrongyregion.com.ar\/diario\/wp-json\/wp\/v2\/posts\/3539","targetHints":{"allow":["GET"]}}],"collection":[{"href":"https:\/\/armstrongyregion.com.ar\/diario\/wp-json\/wp\/v2\/posts"}],"about":[{"href":"https:\/\/armstrongyregion.com.ar\/diario\/wp-json\/wp\/v2\/types\/post"}],"author":[{"embeddable":true,"href":"https:\/\/armstrongyregion.com.ar\/diario\/wp-json\/wp\/v2\/users\/2"}],"replies":[{"embeddable":true,"href":"https:\/\/armstrongyregion.com.ar\/diario\/wp-json\/wp\/v2\/comments?post=3539"}],"version-history":[{"count":0,"href":"https:\/\/armstrongyregion.com.ar\/diario\/wp-json\/wp\/v2\/posts\/3539\/revisions"}],"wp:featuredmedia":[{"embeddable":true,"href":"https:\/\/armstrongyregion.com.ar\/diario\/wp-json\/wp\/v2\/media\/3540"}],"wp:attachment":[{"href":"https:\/\/armstrongyregion.com.ar\/diario\/wp-json\/wp\/v2\/media?parent=3539"}],"wp:term":[{"taxonomy":"category","embeddable":true,"href":"https:\/\/armstrongyregion.com.ar\/diario\/wp-json\/wp\/v2\/categories?post=3539"},{"taxonomy":"post_tag","embeddable":true,"href":"https:\/\/armstrongyregion.com.ar\/diario\/wp-json\/wp\/v2\/tags?post=3539"}],"curies":[{"name":"wp","href":"https:\/\/api.w.org\/{rel}","templated":true}]}}