{"id":35364,"date":"2022-08-07T02:22:57","date_gmt":"2022-08-07T02:22:57","guid":{"rendered":"https:\/\/armstrongyregion.com.ar\/diario\/?p=35364"},"modified":"2022-08-07T02:22:58","modified_gmt":"2022-08-07T02:22:58","slug":"perotti-distintos-programas-del-gobierno-provincial-son-obras-concretas-en-cada-uno-de-nuestros-pueblos-y-ciudades","status":"publish","type":"post","link":"https:\/\/armstrongyregion.com.ar\/diario\/perotti-distintos-programas-del-gobierno-provincial-son-obras-concretas-en-cada-uno-de-nuestros-pueblos-y-ciudades\/","title":{"rendered":"Perotti: \u00abDistintos programas del gobierno provincial son obras concretas en cada uno de nuestros pueblos y ciudades\u00bb"},"content":{"rendered":"\n<figure class=\"wp-block-image size-large\"><img loading=\"lazy\" decoding=\"async\" width=\"570\" height=\"320\" src=\"http:\/\/armstrongyregion.com.ar\/diario\/wp-content\/uploads\/2022\/08\/Las-rosas-perotti-meyer-1-.jpg\" alt=\"\" class=\"wp-image-35365\" srcset=\"https:\/\/armstrongyregion.com.ar\/diario\/wp-content\/uploads\/2022\/08\/Las-rosas-perotti-meyer-1-.jpg 570w, https:\/\/armstrongyregion.com.ar\/diario\/wp-content\/uploads\/2022\/08\/Las-rosas-perotti-meyer-1--300x168.jpg 300w\" sizes=\"auto, (max-width: 570px) 100vw, 570px\" \/><\/figure>\n\n\n\n<h2 class=\"wp-block-heading\"> <em>El gobernador particip\u00f3 de la inauguraci\u00f3n de obras contempladas en el Plan Incluir en Las Rosas, que requirieron una inversi\u00f3n de $11 millones.<\/em> <\/h2>\n\n\n\n<p>El gobernador de la provincia de Santa Fe, Omar Perotti, particip\u00f3 este viernes de la inauguraci\u00f3n de las obras contempladas en el Plan Incluir de Las Rosas, departamento Belgrano, que requirieron una inversi\u00f3n provincial de 11 millones de pesos.<\/p>\n\n\n\n<figure class=\"wp-block-image size-large\"><img loading=\"lazy\" decoding=\"async\" width=\"535\" height=\"357\" src=\"http:\/\/armstrongyregion.com.ar\/diario\/wp-content\/uploads\/2022\/08\/las-rosas-perotti-meyer-2-.jpg\" alt=\"\" class=\"wp-image-35366\" srcset=\"https:\/\/armstrongyregion.com.ar\/diario\/wp-content\/uploads\/2022\/08\/las-rosas-perotti-meyer-2-.jpg 535w, https:\/\/armstrongyregion.com.ar\/diario\/wp-content\/uploads\/2022\/08\/las-rosas-perotti-meyer-2--300x200.jpg 300w\" sizes=\"auto, (max-width: 535px) 100vw, 535px\" \/><\/figure>\n\n\n\n<p>Las obras contemplan seis cuadras de pavimento con trabajos complementarios de agua, cloacas y ordenamiento de veredas. Se tratan de trabajos de alto impacto para los vecinos ya que incorpora, a la trama de la ciudad, un sector relegado, otorg\u00e1ndole urbanidad y mejorando la circulaci\u00f3n vehicular del barrio Sur.<\/p>\n\n\n\n<p>En la oportunidad, el gobernador Perotti sostuvo que \u201ccon satisfacci\u00f3n podemos estar recorriendo distintos lugares de la provincia viendo c\u00f3mo distintos programas del gobierno provincial son obras concretas en cada uno de nuestros pueblos y ciudades. Estos programas tienen que ver con esto, en que haya en cada pueblo y en cada ciudad de la provincia obras para seguir avanzando\u201d.<\/p>\n\n\n\n<p>\u201cOjal\u00e1 podamos seguir con las obras que le van dando a esta hermosa ciudad progreso y avance. Una provincia crece y avanza cuando sus pueblos y sus ciudades lo hacen, cuando su gente est\u00e1 entusiasmada y con ganas. Eso se consigue cuando estamos haciendo cosas juntos\u201d, agreg\u00f3 el mandatario santafesino.<\/p>\n\n\n\n<p>\u201cCreo que es una etapa para trabajar codo a codo. Las necesidades de mucha gente requiere, por parte de nosotros, de una actitud de colaboraci\u00f3n y unidad. Eso se expresa en el trabajo diario\u201d, concluy\u00f3 Perotti.<\/p>\n\n\n\n<p>Por su parte, el intendente de Las Rosas, Javier Meyer, agradeci\u00f3 la presencia del gobernador y de los funcionarios de la provincia y destac\u00f3 que \u00abesta obra es la primera etapa de un Plan Incluir que gestionamos hace mucho tiempo, la ejecuci\u00f3n de este proyecto beneficia a todo el barrio, al club y al p\u00fablico en general\u00bb.<\/p>\n\n\n\n<p>Adem\u00e1s, se\u00f1al\u00f3 que \u00abhay muchos proyectos que estamos llevando adelante junto a la provincia. Esto habla de que somos un gobierno local que gestiona y que del otro lado recibimos respaldo. Cuando se hacen las cosas bien, cuando el inter\u00e9s por la poblaci\u00f3n es visible hay que reconocerlo, as\u00ed que muchas gracias gobernador\u00bb, finaliz\u00f3 Meyer.<\/p>\n\n\n\n<p>Por \u00faltimo, el presidente del Club Almafuerte, Leandro Comiso, agradeci\u00f3 al gobernador y sostuvo que \u201cel progreso de la ciudad contagia y hace que las instituciones tambi\u00e9n quieran progresar. Nosotros siempre estamos recibiendo ayuda y acompa\u00f1amiento. Una hora m\u00e1s de un chico en el club es una hora menos en la calle. Ese es nuestro lema y por eso trabajamos\u201d.<\/p>\n\n\n\n<p>Asistieron al acto, adem\u00e1s, el ministro de Gesti\u00f3n P\u00fablica, Marcos Corach, y el secretario de Fortalecimiento Institucional, Jos\u00e9 Luis Freyre; entre otras autoridades.<\/p>\n","protected":false},"excerpt":{"rendered":"<p>El gobernador particip\u00f3 de la inauguraci\u00f3n de obras contempladas en el Plan Incluir en Las Rosas, que requirieron una inversi\u00f3n de $11 millones. El gobernador de la provincia de Santa Fe, Omar Perotti, particip\u00f3 este viernes de la inauguraci\u00f3n de las obras contempladas en el Plan Incluir de Las Rosas, departamento Belgrano, que requirieron una <a href=\"https:\/\/armstrongyregion.com.ar\/diario\/perotti-distintos-programas-del-gobierno-provincial-son-obras-concretas-en-cada-uno-de-nuestros-pueblos-y-ciudades\/\" title=\"Read more\" >&#8230;<\/a><\/p>\n","protected":false},"author":1,"featured_media":35365,"comment_status":"open","ping_status":"open","sticky":false,"template":"","format":"image","meta":{"_jetpack_memberships_contains_paid_content":false,"footnotes":"","jetpack_publicize_message":"","jetpack_publicize_feature_enabled":true,"jetpack_social_post_already_shared":true,"jetpack_social_options":{"image_generator_settings":{"template":"highway","default_image_id":0,"enabled":false},"version":2}},"categories":[8,1,2,7,3],"tags":[],"class_list":["post-35364","post","type-post","status-publish","format-image","has-post-thumbnail","hentry","category-deliberando","category-diario-armstrong","category-locales","category-politica","category-region","post_format-post-format-image"],"jetpack_publicize_connections":[],"jetpack_featured_media_url":"https:\/\/armstrongyregion.com.ar\/diario\/wp-content\/uploads\/2022\/08\/Las-rosas-perotti-meyer-1-.jpg","jetpack_shortlink":"https:\/\/wp.me\/p62QDO-9co","jetpack_sharing_enabled":true,"amp_enabled":true,"_links":{"self":[{"href":"https:\/\/armstrongyregion.com.ar\/diario\/wp-json\/wp\/v2\/posts\/35364","targetHints":{"allow":["GET"]}}],"collection":[{"href":"https:\/\/armstrongyregion.com.ar\/diario\/wp-json\/wp\/v2\/posts"}],"about":[{"href":"https:\/\/armstrongyregion.com.ar\/diario\/wp-json\/wp\/v2\/types\/post"}],"author":[{"embeddable":true,"href":"https:\/\/armstrongyregion.com.ar\/diario\/wp-json\/wp\/v2\/users\/1"}],"replies":[{"embeddable":true,"href":"https:\/\/armstrongyregion.com.ar\/diario\/wp-json\/wp\/v2\/comments?post=35364"}],"version-history":[{"count":1,"href":"https:\/\/armstrongyregion.com.ar\/diario\/wp-json\/wp\/v2\/posts\/35364\/revisions"}],"predecessor-version":[{"id":35367,"href":"https:\/\/armstrongyregion.com.ar\/diario\/wp-json\/wp\/v2\/posts\/35364\/revisions\/35367"}],"wp:featuredmedia":[{"embeddable":true,"href":"https:\/\/armstrongyregion.com.ar\/diario\/wp-json\/wp\/v2\/media\/35365"}],"wp:attachment":[{"href":"https:\/\/armstrongyregion.com.ar\/diario\/wp-json\/wp\/v2\/media?parent=35364"}],"wp:term":[{"taxonomy":"category","embeddable":true,"href":"https:\/\/armstrongyregion.com.ar\/diario\/wp-json\/wp\/v2\/categories?post=35364"},{"taxonomy":"post_tag","embeddable":true,"href":"https:\/\/armstrongyregion.com.ar\/diario\/wp-json\/wp\/v2\/tags?post=35364"}],"curies":[{"name":"wp","href":"https:\/\/api.w.org\/{rel}","templated":true}]}}