{"id":35357,"date":"2022-08-05T17:54:17","date_gmt":"2022-08-05T17:54:17","guid":{"rendered":"https:\/\/armstrongyregion.com.ar\/diario\/?p=35357"},"modified":"2022-08-05T17:54:20","modified_gmt":"2022-08-05T17:54:20","slug":"alberto-fernandez-este-tren-va-a-beneficiar-a-mucha-gente-que-estudia-y-trabaja-en-rosario","status":"publish","type":"post","link":"https:\/\/armstrongyregion.com.ar\/diario\/alberto-fernandez-este-tren-va-a-beneficiar-a-mucha-gente-que-estudia-y-trabaja-en-rosario\/","title":{"rendered":"Alberto Fern\u00e1ndez: \u201cEste tren va a beneficiar a mucha gente que estudia y trabaja en Rosario\u201d."},"content":{"rendered":"\n<figure class=\"wp-block-image size-large\"><img loading=\"lazy\" decoding=\"async\" width=\"800\" height=\"450\" src=\"http:\/\/armstrongyregion.com.ar\/diario\/wp-content\/uploads\/2022\/08\/caxada_3.jpg_1756841869.jpg\" alt=\"\" class=\"wp-image-35358\" srcset=\"https:\/\/armstrongyregion.com.ar\/diario\/wp-content\/uploads\/2022\/08\/caxada_3.jpg_1756841869.jpg 800w, https:\/\/armstrongyregion.com.ar\/diario\/wp-content\/uploads\/2022\/08\/caxada_3.jpg_1756841869-300x169.jpg 300w, https:\/\/armstrongyregion.com.ar\/diario\/wp-content\/uploads\/2022\/08\/caxada_3.jpg_1756841869-768x432.jpg 768w\" sizes=\"auto, (max-width: 800px) 100vw, 800px\" \/><figcaption> El presidente Alberto Fern\u00e1ndez y su discurso en Ca\u00f1ada de G\u00f3mez\u00a0(Alan Monz\u00f3n\/Rosario3) <\/figcaption><\/figure>\n\n\n\n<p> El presidente habl\u00f3 en Ca\u00f1ada de G\u00f3mez tras la llegada del tren, acompa\u00f1ado por Sergio Massa, que no hizo declaraciones, y el gobernador Omar Perotti. \u201cRosario es una gran ciudad que queremos cuidar y valorar\u201d, dijo. Tambi\u00e9n asegur\u00f3 que \u201cla mayor inversi\u00f3n ferroviaria del pa\u00eds est\u00e1 en Santa Fe\u201d <\/p>\n\n\n\n<figure class=\"wp-block-image size-large\"><img loading=\"lazy\" decoding=\"async\" width=\"820\" height=\"462\" src=\"http:\/\/armstrongyregion.com.ar\/diario\/wp-content\/uploads\/2022\/08\/caxada_1.jpg_1129388070.jpg\" alt=\"\" class=\"wp-image-35359\" srcset=\"https:\/\/armstrongyregion.com.ar\/diario\/wp-content\/uploads\/2022\/08\/caxada_1.jpg_1129388070.jpg 820w, https:\/\/armstrongyregion.com.ar\/diario\/wp-content\/uploads\/2022\/08\/caxada_1.jpg_1129388070-300x169.jpg 300w, https:\/\/armstrongyregion.com.ar\/diario\/wp-content\/uploads\/2022\/08\/caxada_1.jpg_1129388070-768x433.jpg 768w\" sizes=\"auto, (max-width: 820px) 100vw, 820px\" \/><\/figure>\n\n\n\n<p>En el contexto del primer viaje del tren que une Rosario con Ca\u00f1ada de G\u00f3mez, el presidente&nbsp;<a href=\"https:\/\/www.rosario3.com\/informaciongeneral\/En-helicoptero-y-con-Massa-Alberto-Fernandez-llego-a-Correa-para-subirse-al-tren-inaugural-a-Canada--20220805-0028.html\" target=\"_blank\" rel=\"noreferrer noopener\">Alberto Fern\u00e1ndez, que se subi\u00f3 en la localidad de Correa<\/a>&nbsp;luego de descender del helic\u00f3ptero, brind\u00f3 una conferencia de prensa, en la que estuvo acompa\u00f1ado por el flamante ministro de Econom\u00eda, Sergio Massa, el gobernador Omar Perotti y la intendenta de Ca\u00f1ada, Stella Maris Clerici. All\u00ed asegur\u00f3 que \u201ceste tren va a beneficiar a muchos chicos que estudian en Rosario y a trabajadores que van a viajar seguros\u201d. Mirando de frente al intendente Pablo Javkin, que tambi\u00e9n particip\u00f3 del acti, asegur\u00f3 que&nbsp;<strong>\u201cRosario es una gran ciudad a la que queremos cuidar y valorar\u201d<\/strong>. Y remarc\u00f3 que \u201cla mayor inversi\u00f3n ferroviaria del pa\u00eds est\u00e1 en Santa Fe\u201d.<\/p>\n\n\n\n<figure class=\"wp-block-image\"><img decoding=\"async\" src=\"https:\/\/www.rosario3.com\/export\/sites\/rosario3\/img\/2022\/08\/05\/caxada_5.jpg_695311890.jpg\" alt=\"\"\/><figcaption>Una revoluci\u00f3n en Ca\u00f1ada de G\u00f3mez por la llegada del tren (Alan Monz\u00f3n\/Rosario3)<\/figcaption><\/figure>\n\n\n\n<p>El presidente habl\u00f3 luego de los discursos de la intendenta Clerici y del gobernador Perotti. Massa, que estuvo en el escenario, no hizo declaraciones y prefiri\u00f3 cederle el protagonismo al m\u00e1ximo mandatario: \u201cCristina antes de irse llam\u00f3 a una licitaci\u00f3n para hacer esto,&nbsp;<strong>unir Rosario con las localidades de la regi\u00f3n con el tren<\/strong>; el gobierno que sigui\u00f3 despu\u00e9s decidi\u00f3 no continuarlo\u201d, comenz\u00f3 Fern\u00e1ndez.&nbsp;<\/p>\n\n\n\n<p>\u201cComo pensaban Per\u00f3n y Evita, necesitamos el tren para que nos una, para terminar con la desintegraci\u00f3n del pa\u00eds\u201d, coment\u00f3 luego.&nbsp;<\/p>\n\n\n\n<p>Luego puso a la ciudad de Rosario en la centralidad de su mensaje:&nbsp;<strong>\u201cEste tren llega a Rosario, la ciudad de mi querido Pablo Javkin, que siente la misma alegr\u00eda que siento hoy yo\u201d<\/strong>, dijo mirando de frente al intendente rosarino. \u201cYo s\u00e9 que este tren va a beneficiar a muchos chicos que estudian en Rosario y a muchos trabajadores que necesitan viajar a Rosario\u201d, destac\u00f3.&nbsp;<\/p>\n\n\n\n<p>El presidente se\u00f1al\u00f3 que \u201cmuchos chicos est\u00e1n viendo esto por primera vez, eso es una gran alegr\u00eda, porque as\u00ed se construy\u00f3 nuestro pa\u00eds\u201d. Y a\u00f1adi\u00f3 que \u201cen el tren viajamos todos, all\u00ed todos nos igualamos.&nbsp;<strong>El tren nos conecta y nos iguala\u201d<\/strong>.&nbsp;<\/p>\n\n\n\n<p>Alberto Fern\u00e1ndez destac\u00f3 que&nbsp;<strong>\u201cla mayor inversi\u00f3n en materia ferroviaria hoy la tenemos en la provincia de Santa Fe<\/strong>; pero no es una cosa caprichosa, lo vemos en la fuerza de la producci\u00f3n, de sus campos y tambi\u00e9n de los campos de C\u00f3rdoba y de toda la regi\u00f3n que necesitan llevar sus granos a los puertos\u201d.&nbsp;<\/p>\n\n\n\n<figure class=\"wp-block-image\"><img decoding=\"async\" src=\"https:\/\/www.rosario3.com\/export\/sites\/rosario3\/img\/2022\/08\/05\/caxada_4.jpg_695311890.jpg\" alt=\"\"\/><figcaption>Massa habl\u00e1ndole al o\u00eddo al presidente durante el discurso de Perotti (Alan Monz\u00f3n\/Rosario3)<\/figcaption><\/figure>\n\n\n\n<p><strong>\u201cRosario es una gran ciudad a la que todos queremos cuidar, queremos valorar.<\/strong>&nbsp;Una ciudad a la que siempre recurren los santafesinos\u201d, afirm\u00f3 el m\u00e1ximo mandatario argentino.&nbsp;<\/p>\n\n\n\n<p>El presidente coment\u00f3 luego: \u201cCuando hablo de unidad no hablo solo de los compa\u00f1eros del Frente de Todos, por la cual trabajamos todos los d\u00edas, hablo de la unidad de todos los argentinos y argentinas\u201d.\u00a0<\/p>\n\n\n\n<figure class=\"wp-block-image\"><img decoding=\"async\" src=\"https:\/\/www.rosario3.com\/export\/sites\/rosario3\/img\/2022\/08\/05\/caxada_6.jpg_695311890.jpg\" alt=\"\"\/><\/figure>\n\n\n\n<p>Rosario3.com<br><\/p>\n","protected":false},"excerpt":{"rendered":"<p>El presidente habl\u00f3 en Ca\u00f1ada de G\u00f3mez tras la llegada del tren, acompa\u00f1ado por Sergio Massa, que no hizo declaraciones, y el gobernador Omar Perotti. \u201cRosario es una gran ciudad que queremos cuidar y valorar\u201d, dijo. Tambi\u00e9n asegur\u00f3 que \u201cla mayor inversi\u00f3n ferroviaria del pa\u00eds est\u00e1 en Santa Fe\u201d En el contexto del primer viaje <a href=\"https:\/\/armstrongyregion.com.ar\/diario\/alberto-fernandez-este-tren-va-a-beneficiar-a-mucha-gente-que-estudia-y-trabaja-en-rosario\/\" title=\"Read more\" >&#8230;<\/a><\/p>\n","protected":false},"author":1,"featured_media":35358,"comment_status":"open","ping_status":"open","sticky":false,"template":"","format":"image","meta":{"_jetpack_memberships_contains_paid_content":false,"footnotes":"","jetpack_publicize_message":"","jetpack_publicize_feature_enabled":true,"jetpack_social_post_already_shared":true,"jetpack_social_options":{"image_generator_settings":{"template":"highway","default_image_id":0,"enabled":false},"version":2}},"categories":[8,1,2,7,3],"tags":[],"class_list":["post-35357","post","type-post","status-publish","format-image","has-post-thumbnail","hentry","category-deliberando","category-diario-armstrong","category-locales","category-politica","category-region","post_format-post-format-image"],"jetpack_publicize_connections":[],"jetpack_featured_media_url":"https:\/\/armstrongyregion.com.ar\/diario\/wp-content\/uploads\/2022\/08\/caxada_3.jpg_1756841869.jpg","jetpack_shortlink":"https:\/\/wp.me\/p62QDO-9ch","jetpack_sharing_enabled":true,"amp_enabled":true,"_links":{"self":[{"href":"https:\/\/armstrongyregion.com.ar\/diario\/wp-json\/wp\/v2\/posts\/35357","targetHints":{"allow":["GET"]}}],"collection":[{"href":"https:\/\/armstrongyregion.com.ar\/diario\/wp-json\/wp\/v2\/posts"}],"about":[{"href":"https:\/\/armstrongyregion.com.ar\/diario\/wp-json\/wp\/v2\/types\/post"}],"author":[{"embeddable":true,"href":"https:\/\/armstrongyregion.com.ar\/diario\/wp-json\/wp\/v2\/users\/1"}],"replies":[{"embeddable":true,"href":"https:\/\/armstrongyregion.com.ar\/diario\/wp-json\/wp\/v2\/comments?post=35357"}],"version-history":[{"count":1,"href":"https:\/\/armstrongyregion.com.ar\/diario\/wp-json\/wp\/v2\/posts\/35357\/revisions"}],"predecessor-version":[{"id":35360,"href":"https:\/\/armstrongyregion.com.ar\/diario\/wp-json\/wp\/v2\/posts\/35357\/revisions\/35360"}],"wp:featuredmedia":[{"embeddable":true,"href":"https:\/\/armstrongyregion.com.ar\/diario\/wp-json\/wp\/v2\/media\/35358"}],"wp:attachment":[{"href":"https:\/\/armstrongyregion.com.ar\/diario\/wp-json\/wp\/v2\/media?parent=35357"}],"wp:term":[{"taxonomy":"category","embeddable":true,"href":"https:\/\/armstrongyregion.com.ar\/diario\/wp-json\/wp\/v2\/categories?post=35357"},{"taxonomy":"post_tag","embeddable":true,"href":"https:\/\/armstrongyregion.com.ar\/diario\/wp-json\/wp\/v2\/tags?post=35357"}],"curies":[{"name":"wp","href":"https:\/\/api.w.org\/{rel}","templated":true}]}}