{"id":35353,"date":"2022-08-05T17:49:01","date_gmt":"2022-08-05T17:49:01","guid":{"rendered":"https:\/\/armstrongyregion.com.ar\/diario\/?p=35353"},"modified":"2022-08-05T17:49:05","modified_gmt":"2022-08-05T17:49:05","slug":"volvio-el-tren-nacion-analiza-sumar-servicios-cortos-y-conexion-con-el-aeropuerto-de-fisherton","status":"publish","type":"post","link":"https:\/\/armstrongyregion.com.ar\/diario\/volvio-el-tren-nacion-analiza-sumar-servicios-cortos-y-conexion-con-el-aeropuerto-de-fisherton\/","title":{"rendered":"Volvi\u00f3 el tren: Naci\u00f3n analiza sumar \u00abservicios cortos\u00bb y conexi\u00f3n con el aeropuerto de Fisherton."},"content":{"rendered":"\n<figure class=\"wp-block-image size-large\"><img loading=\"lazy\" decoding=\"async\" width=\"798\" height=\"449\" src=\"http:\/\/armstrongyregion.com.ar\/diario\/wp-content\/uploads\/2022\/08\/tren-123.jpeg\" alt=\"\" class=\"wp-image-35354\" srcset=\"https:\/\/armstrongyregion.com.ar\/diario\/wp-content\/uploads\/2022\/08\/tren-123.jpeg 798w, https:\/\/armstrongyregion.com.ar\/diario\/wp-content\/uploads\/2022\/08\/tren-123-300x169.jpeg 300w, https:\/\/armstrongyregion.com.ar\/diario\/wp-content\/uploads\/2022\/08\/tren-123-768x432.jpeg 768w\" sizes=\"auto, (max-width: 798px) 100vw, 798px\" \/><\/figure>\n\n\n\n<p> Los confirm\u00f3 el secretario de Transporte, Diego Giuliano durante el viaje inaugural del tren que une Rosario con Ca\u00f1ada de G\u00f3mez. \u201cEstamos trabajando para que, si la gente abraza este tren como lo estamos pensando, podamos sumar m\u00e1s servicios\u201d, detall\u00f3 <\/p>\n\n\n\n<p><a href=\"https:\/\/www.rosario3.com\/informaciongeneral\/Asi-se-viaja-de-Rosario-a-Canada-de-Gomez-en-tren-fotos-precios-y-horarios-20220805-0011.html\" target=\"_blank\" rel=\"noreferrer noopener\"><strong>Rosario y la regi\u00f3n viven este viernes una jornada hist\u00f3rica con el regreso del tren de cercan\u00eda<\/strong><\/a>. A media ma\u00f1ana sali\u00f3 la primera formaci\u00f3n que conectar\u00e1 a diario la ciudad con Ca\u00f1ada de G\u00f3mez y las distintas localidades intermedias. En medio de la euforia por la vuelta del tren, hubo anuncios y promesas de m\u00e1s servicios.<\/p>\n\n\n\n<p>\u201cHay muchos proyectos, pero hab\u00eda que empezar por el primero que era Ca\u00f1ada &#8211; Rosario. Este fue el primer servicio metropolitano de la Argentina por fuera de la ciudad de Buenos Aires y hab\u00eda desaparecido durante la dictadura militar. Por eso nos genera emoci\u00f3n al ver la cara de alegr\u00eda que tiene la gente\u201d, sostuvo en&nbsp;<em>Cada D\u00eda&nbsp;<\/em>(El Tres), el secretario de Transporte de la Naci\u00f3n, Diego Giuliano.<\/p>\n\n\n\n<p>En medio del viaje inaugural,&nbsp;<strong>el funcionario destac\u00f3 que habr\u00e1 tres servicios diarios, el primero saldr\u00e1 de Ca\u00f1ada de G\u00f3mez a las 5.15 para arribar a Rosario a las 7.26 y el \u00faltimo saldr\u00e1 a las 22.15&nbsp;<\/strong>y arribar\u00e1 a la medianoche a Rosario, en este caso conectando con el Apeadero Sur desde donde sale el tren a Buenos Aires.<\/p>\n\n\n\n<p>\u201cEs un tren para poder estudiar, trabajar o hacer compras. Tambi\u00e9n va a haber un servicio de tarde que ser\u00e1 a las 19.10. Lo bueno es que&nbsp;<strong>en 15 minutos llegamos a Fisherton, 35 a Funes y 45 a Rold\u00e1n<\/strong>\u201d, remarc\u00f3 Giuliano.<\/p>\n\n\n\n<p>Teniendo en cuenta la gran cantidad de gente que podr\u00eda utilizar el servicio para conectar Rosario con Funes o Rold\u00e1n, el secretario de Transporte reconoci\u00f3 que&nbsp;<strong>est\u00e1n analizando la posibilidad de sumar nuevos \u201cservicios cortos\u201d que recorran la v\u00eda hacia estas dos localidades<\/strong>.<\/p>\n\n\n\n<figure class=\"wp-block-image\"><img decoding=\"async\" src=\"https:\/\/www.rosario3.com\/export\/sites\/rosario3\/img\/2022\/08\/05\/20220805095739_img_7955-02.jpeg_695311890.jpeg\" alt=\"\"\/><figcaption><em>Una de los vagones del nuevo servicio ferroviario.<\/em>&nbsp;(Alan Monz\u00f3n\/Rosario3)<\/figcaption><\/figure>\n\n\n\n<p>\u201cEstamos trabajando para que, si la gente abraza a este tren como estamos pensando, podamos sumar estos servicios cortos\u201d, anticip\u00f3. \u201cEs un evidente avance, porque descomprime las rutas de la regi\u00f3n, principalmente la ruta 9. Adem\u00e1s&nbsp;<strong>tenemos otro proyecto tambi\u00e9n para conectar con el aeropuerto de Fisherton<\/strong>, ya que el tren pasa a 700 metros de la estaci\u00f3n\u201d, a\u00f1adi\u00f3.<\/p>\n\n\n\n<p>Por \u00faltimo Giuliano destac\u00f3 la inversi\u00f3n que est\u00e1 haciendo el Estado nacional en la recuperaci\u00f3n del tren de cercan\u00eda. \u201cEstamos hablando de un servicio que demand\u00f3 mil millones de pesos de inversi\u00f3n. Estamos generando un sistema de transporte ferroviario que hab\u00eda que recuperar en la Argentina porque un tren cambia la vida de la regi\u00f3n\u201d, concluy\u00f3.<\/p>\n\n\n\n<p>Rosario3.com<\/p>\n","protected":false},"excerpt":{"rendered":"<p>Los confirm\u00f3 el secretario de Transporte, Diego Giuliano durante el viaje inaugural del tren que une Rosario con Ca\u00f1ada de G\u00f3mez. \u201cEstamos trabajando para que, si la gente abraza este tren como lo estamos pensando, podamos sumar m\u00e1s servicios\u201d, detall\u00f3 Rosario y la regi\u00f3n viven este viernes una jornada hist\u00f3rica con el regreso del tren <a href=\"https:\/\/armstrongyregion.com.ar\/diario\/volvio-el-tren-nacion-analiza-sumar-servicios-cortos-y-conexion-con-el-aeropuerto-de-fisherton\/\" title=\"Read more\" >&#8230;<\/a><\/p>\n","protected":false},"author":1,"featured_media":35355,"comment_status":"open","ping_status":"open","sticky":false,"template":"","format":"image","meta":{"_jetpack_memberships_contains_paid_content":false,"footnotes":"","jetpack_publicize_message":"","jetpack_publicize_feature_enabled":true,"jetpack_social_post_already_shared":true,"jetpack_social_options":{"image_generator_settings":{"template":"highway","default_image_id":0,"enabled":false},"version":2}},"categories":[8,1,2,3],"tags":[],"class_list":["post-35353","post","type-post","status-publish","format-image","has-post-thumbnail","hentry","category-deliberando","category-diario-armstrong","category-locales","category-region","post_format-post-format-image"],"jetpack_publicize_connections":[],"jetpack_featured_media_url":"https:\/\/armstrongyregion.com.ar\/diario\/wp-content\/uploads\/2022\/08\/tren-123-1.jpeg","jetpack_shortlink":"https:\/\/wp.me\/p62QDO-9cd","jetpack_sharing_enabled":true,"amp_enabled":true,"_links":{"self":[{"href":"https:\/\/armstrongyregion.com.ar\/diario\/wp-json\/wp\/v2\/posts\/35353","targetHints":{"allow":["GET"]}}],"collection":[{"href":"https:\/\/armstrongyregion.com.ar\/diario\/wp-json\/wp\/v2\/posts"}],"about":[{"href":"https:\/\/armstrongyregion.com.ar\/diario\/wp-json\/wp\/v2\/types\/post"}],"author":[{"embeddable":true,"href":"https:\/\/armstrongyregion.com.ar\/diario\/wp-json\/wp\/v2\/users\/1"}],"replies":[{"embeddable":true,"href":"https:\/\/armstrongyregion.com.ar\/diario\/wp-json\/wp\/v2\/comments?post=35353"}],"version-history":[{"count":1,"href":"https:\/\/armstrongyregion.com.ar\/diario\/wp-json\/wp\/v2\/posts\/35353\/revisions"}],"predecessor-version":[{"id":35356,"href":"https:\/\/armstrongyregion.com.ar\/diario\/wp-json\/wp\/v2\/posts\/35353\/revisions\/35356"}],"wp:featuredmedia":[{"embeddable":true,"href":"https:\/\/armstrongyregion.com.ar\/diario\/wp-json\/wp\/v2\/media\/35355"}],"wp:attachment":[{"href":"https:\/\/armstrongyregion.com.ar\/diario\/wp-json\/wp\/v2\/media?parent=35353"}],"wp:term":[{"taxonomy":"category","embeddable":true,"href":"https:\/\/armstrongyregion.com.ar\/diario\/wp-json\/wp\/v2\/categories?post=35353"},{"taxonomy":"post_tag","embeddable":true,"href":"https:\/\/armstrongyregion.com.ar\/diario\/wp-json\/wp\/v2\/tags?post=35353"}],"curies":[{"name":"wp","href":"https:\/\/api.w.org\/{rel}","templated":true}]}}