{"id":35348,"date":"2022-08-05T17:42:51","date_gmt":"2022-08-05T17:42:51","guid":{"rendered":"https:\/\/armstrongyregion.com.ar\/diario\/?p=35348"},"modified":"2022-08-05T17:42:58","modified_gmt":"2022-08-05T17:42:58","slug":"pertusatibasta-de-impunidad-necesitamos-fiscales","status":"publish","type":"post","link":"https:\/\/armstrongyregion.com.ar\/diario\/pertusatibasta-de-impunidad-necesitamos-fiscales\/","title":{"rendered":"Pertusati:\u00bbBasta de impunidad necesitamos fiscales\u00bb."},"content":{"rendered":"\n<figure class=\"wp-block-image size-large\"><img loading=\"lazy\" decoding=\"async\" width=\"580\" height=\"434\" src=\"http:\/\/armstrongyregion.com.ar\/diario\/wp-content\/uploads\/2022\/08\/pertu-2.jpg\" alt=\"\" class=\"wp-image-35349\" srcset=\"https:\/\/armstrongyregion.com.ar\/diario\/wp-content\/uploads\/2022\/08\/pertu-2.jpg 580w, https:\/\/armstrongyregion.com.ar\/diario\/wp-content\/uploads\/2022\/08\/pertu-2-300x224.jpg 300w\" sizes=\"auto, (max-width: 580px) 100vw, 580px\" \/><\/figure>\n\n\n\n<p> El Presidente del Concejo Alejandro Pertusati inform\u00f3, \u00abAcompa\u00f1amos el reclamo de los profesionales en derecho para que el Gobierno de la Provincia de Santa Fe cumpla con el nombramiento de fiscales vacantes en el Ministerio P\u00fablico de la Acusaci\u00f3n. Esta decisi\u00f3n tiene un retraso de 2 A\u00d1OS, poniendo en jaque permanente la PAZ SOCIAL\u00bb.<\/p>\n\n\n\n<figure class=\"wp-block-image size-large\"><img loading=\"lazy\" decoding=\"async\" width=\"600\" height=\"450\" src=\"http:\/\/armstrongyregion.com.ar\/diario\/wp-content\/uploads\/2022\/08\/Pertu-1-1-1.jpg\" alt=\"\" class=\"wp-image-35351\" srcset=\"https:\/\/armstrongyregion.com.ar\/diario\/wp-content\/uploads\/2022\/08\/Pertu-1-1-1.jpg 600w, https:\/\/armstrongyregion.com.ar\/diario\/wp-content\/uploads\/2022\/08\/Pertu-1-1-1-300x225.jpg 300w\" sizes=\"auto, (max-width: 600px) 100vw, 600px\" \/><\/figure>\n\n\n\n<p>\u00abEn Fiscal\u00eda de Ca\u00f1ada de G\u00f3mez hasta 2019 hubo tres fiscales en funciones, hoy, gracias a la gesti\u00f3n de Omar Perotti, NO TENEMOS NINGUNO\u00bb. Expresaba el edil.<\/p>\n\n\n\n<p>\u00abEntregamos en mano la resoluci\u00f3n que presentamos junto a <a href=\"https:\/\/www.facebook.com\/guillermo.luzzi?__cft__[0]=AZUG6F2e_GMUQQ3HvMmidLcpeZkifY8CCv84qAK-DxFe6bJtxD4MmA5-7LNCJQzWnKP0yhn4PyvTYPitK4utTPkKShJU9sgPoEhQRtlqD2LkNRFTllrMXPM9a6l01Ofx0Z4&amp;__tn__=-]K-R\">Guillermo Luzzi<\/a> en donde solicitamos la soluci\u00f3n de este problema El \u00fanico camino pasa por una CORRECTA ADMINISTRACI\u00d3N DE LA JUSTICIA, EFICIENTE EN LA ACUSACI\u00d3N Y RESPETUOSA DE NUESTRA CONSTITUCI\u00d3N NACIONAL, en ese equilibrio, podremos encontrar la paz, fuera de ello, es como estamos hoy\u00bb. Finaliz\u00f3.<\/p>\n","protected":false},"excerpt":{"rendered":"<p>El Presidente del Concejo Alejandro Pertusati inform\u00f3, \u00abAcompa\u00f1amos el reclamo de los profesionales en derecho para que el Gobierno de la Provincia de Santa Fe cumpla con el nombramiento de fiscales vacantes en el Ministerio P\u00fablico de la Acusaci\u00f3n. Esta decisi\u00f3n tiene un retraso de 2 A\u00d1OS, poniendo en jaque permanente la PAZ SOCIAL\u00bb. \u00abEn <a href=\"https:\/\/armstrongyregion.com.ar\/diario\/pertusatibasta-de-impunidad-necesitamos-fiscales\/\" title=\"Read more\" >&#8230;<\/a><\/p>\n","protected":false},"author":1,"featured_media":35350,"comment_status":"open","ping_status":"open","sticky":false,"template":"","format":"image","meta":{"_jetpack_memberships_contains_paid_content":false,"footnotes":"","jetpack_publicize_message":"","jetpack_publicize_feature_enabled":true,"jetpack_social_post_already_shared":true,"jetpack_social_options":{"image_generator_settings":{"template":"highway","default_image_id":0,"enabled":false},"version":2}},"categories":[6,8,1,2,7,3],"tags":[],"class_list":["post-35348","post","type-post","status-publish","format-image","has-post-thumbnail","hentry","category-cultura-entretenimiento","category-deliberando","category-diario-armstrong","category-locales","category-politica","category-region","post_format-post-format-image"],"jetpack_publicize_connections":[],"jetpack_featured_media_url":"https:\/\/armstrongyregion.com.ar\/diario\/wp-content\/uploads\/2022\/08\/Pertu-1-.jpg","jetpack_shortlink":"https:\/\/wp.me\/p62QDO-9c8","jetpack_sharing_enabled":true,"amp_enabled":true,"_links":{"self":[{"href":"https:\/\/armstrongyregion.com.ar\/diario\/wp-json\/wp\/v2\/posts\/35348","targetHints":{"allow":["GET"]}}],"collection":[{"href":"https:\/\/armstrongyregion.com.ar\/diario\/wp-json\/wp\/v2\/posts"}],"about":[{"href":"https:\/\/armstrongyregion.com.ar\/diario\/wp-json\/wp\/v2\/types\/post"}],"author":[{"embeddable":true,"href":"https:\/\/armstrongyregion.com.ar\/diario\/wp-json\/wp\/v2\/users\/1"}],"replies":[{"embeddable":true,"href":"https:\/\/armstrongyregion.com.ar\/diario\/wp-json\/wp\/v2\/comments?post=35348"}],"version-history":[{"count":1,"href":"https:\/\/armstrongyregion.com.ar\/diario\/wp-json\/wp\/v2\/posts\/35348\/revisions"}],"predecessor-version":[{"id":35352,"href":"https:\/\/armstrongyregion.com.ar\/diario\/wp-json\/wp\/v2\/posts\/35348\/revisions\/35352"}],"wp:featuredmedia":[{"embeddable":true,"href":"https:\/\/armstrongyregion.com.ar\/diario\/wp-json\/wp\/v2\/media\/35350"}],"wp:attachment":[{"href":"https:\/\/armstrongyregion.com.ar\/diario\/wp-json\/wp\/v2\/media?parent=35348"}],"wp:term":[{"taxonomy":"category","embeddable":true,"href":"https:\/\/armstrongyregion.com.ar\/diario\/wp-json\/wp\/v2\/categories?post=35348"},{"taxonomy":"post_tag","embeddable":true,"href":"https:\/\/armstrongyregion.com.ar\/diario\/wp-json\/wp\/v2\/tags?post=35348"}],"curies":[{"name":"wp","href":"https:\/\/api.w.org\/{rel}","templated":true}]}}