{"id":35331,"date":"2022-08-03T23:07:00","date_gmt":"2022-08-03T23:07:00","guid":{"rendered":"https:\/\/armstrongyregion.com.ar\/diario\/?p=35331"},"modified":"2022-08-03T23:07:59","modified_gmt":"2022-08-03T23:07:59","slug":"feacundo-amil-se-desvinculo-de-la-agrupacion-politica-renovacion-por-armstrong","status":"publish","type":"post","link":"https:\/\/armstrongyregion.com.ar\/diario\/feacundo-amil-se-desvinculo-de-la-agrupacion-politica-renovacion-por-armstrong\/","title":{"rendered":"Facundo Amil se desvincul\u00f3 de la agrupaci\u00f3n pol\u00edtica Renovaci\u00f3n por Armstrong."},"content":{"rendered":"\n<figure class=\"wp-block-image size-large\"><img loading=\"lazy\" decoding=\"async\" width=\"455\" height=\"640\" src=\"http:\/\/armstrongyregion.com.ar\/diario\/wp-content\/uploads\/2022\/08\/Facu-Amil-1-1.jpg\" alt=\"\" class=\"wp-image-35333\" srcset=\"https:\/\/armstrongyregion.com.ar\/diario\/wp-content\/uploads\/2022\/08\/Facu-Amil-1-1.jpg 455w, https:\/\/armstrongyregion.com.ar\/diario\/wp-content\/uploads\/2022\/08\/Facu-Amil-1-1-213x300.jpg 213w\" sizes=\"auto, (max-width: 455px) 100vw, 455px\" \/><\/figure>\n\n\n\n<p> El referente de la pol\u00edtica local, Facundo Amil, ha decidido dejar de pertenecer al espacio que ven\u00eda ocupando dentro de Renovaci\u00f3n por Armstrong, desde hace m\u00e1s de 5 a\u00f1os, habiendo sido integrante de la lista de candidatos a concejales en varias oportunidades, secretario de bloque y asesor. <\/p>\n\n\n\n<p>Los motivos de la ruptura fueron cuestiones ideol\u00f3gicas que ya se ven\u00edan suscitando. No obstante no descarta la continuidad en la participaci\u00f3n pol\u00edtica con una perspectiva diferente y m\u00e1s cercana a los intereses de los armstronenses. <\/p>\n","protected":false},"excerpt":{"rendered":"<p>El referente de la pol\u00edtica local, Facundo Amil, ha decidido dejar de pertenecer al espacio que ven\u00eda ocupando dentro de Renovaci\u00f3n por Armstrong, desde hace m\u00e1s de 5 a\u00f1os, habiendo sido integrante de la lista de candidatos a concejales en varias oportunidades, secretario de bloque y asesor. Los motivos de la ruptura fueron cuestiones ideol\u00f3gicas <a href=\"https:\/\/armstrongyregion.com.ar\/diario\/feacundo-amil-se-desvinculo-de-la-agrupacion-politica-renovacion-por-armstrong\/\" title=\"Read more\" >&#8230;<\/a><\/p>\n","protected":false},"author":1,"featured_media":35332,"comment_status":"open","ping_status":"open","sticky":false,"template":"","format":"image","meta":{"_jetpack_memberships_contains_paid_content":false,"footnotes":"","jetpack_publicize_message":"","jetpack_publicize_feature_enabled":true,"jetpack_social_post_already_shared":true,"jetpack_social_options":{"image_generator_settings":{"template":"highway","default_image_id":0,"enabled":false},"version":2}},"categories":[8,1,2,7,3],"tags":[],"class_list":["post-35331","post","type-post","status-publish","format-image","has-post-thumbnail","hentry","category-deliberando","category-diario-armstrong","category-locales","category-politica","category-region","post_format-post-format-image"],"jetpack_publicize_connections":[],"jetpack_featured_media_url":"https:\/\/armstrongyregion.com.ar\/diario\/wp-content\/uploads\/2022\/08\/Facu-Amil-.jpg","jetpack_shortlink":"https:\/\/wp.me\/p62QDO-9bR","jetpack_sharing_enabled":true,"amp_enabled":true,"_links":{"self":[{"href":"https:\/\/armstrongyregion.com.ar\/diario\/wp-json\/wp\/v2\/posts\/35331","targetHints":{"allow":["GET"]}}],"collection":[{"href":"https:\/\/armstrongyregion.com.ar\/diario\/wp-json\/wp\/v2\/posts"}],"about":[{"href":"https:\/\/armstrongyregion.com.ar\/diario\/wp-json\/wp\/v2\/types\/post"}],"author":[{"embeddable":true,"href":"https:\/\/armstrongyregion.com.ar\/diario\/wp-json\/wp\/v2\/users\/1"}],"replies":[{"embeddable":true,"href":"https:\/\/armstrongyregion.com.ar\/diario\/wp-json\/wp\/v2\/comments?post=35331"}],"version-history":[{"count":2,"href":"https:\/\/armstrongyregion.com.ar\/diario\/wp-json\/wp\/v2\/posts\/35331\/revisions"}],"predecessor-version":[{"id":35335,"href":"https:\/\/armstrongyregion.com.ar\/diario\/wp-json\/wp\/v2\/posts\/35331\/revisions\/35335"}],"wp:featuredmedia":[{"embeddable":true,"href":"https:\/\/armstrongyregion.com.ar\/diario\/wp-json\/wp\/v2\/media\/35332"}],"wp:attachment":[{"href":"https:\/\/armstrongyregion.com.ar\/diario\/wp-json\/wp\/v2\/media?parent=35331"}],"wp:term":[{"taxonomy":"category","embeddable":true,"href":"https:\/\/armstrongyregion.com.ar\/diario\/wp-json\/wp\/v2\/categories?post=35331"},{"taxonomy":"post_tag","embeddable":true,"href":"https:\/\/armstrongyregion.com.ar\/diario\/wp-json\/wp\/v2\/tags?post=35331"}],"curies":[{"name":"wp","href":"https:\/\/api.w.org\/{rel}","templated":true}]}}