{"id":35325,"date":"2022-08-03T21:36:55","date_gmt":"2022-08-03T21:36:55","guid":{"rendered":"https:\/\/armstrongyregion.com.ar\/diario\/?p=35325"},"modified":"2022-08-03T21:36:56","modified_gmt":"2022-08-03T21:36:56","slug":"canada-de-gomez-y-zona-estan-en-peligro-por-problemas-con-el-funcionamiento-del-sistema-penal","status":"publish","type":"post","link":"https:\/\/armstrongyregion.com.ar\/diario\/canada-de-gomez-y-zona-estan-en-peligro-por-problemas-con-el-funcionamiento-del-sistema-penal\/","title":{"rendered":"Ca\u00f1ada de G\u00f3mez y zona est\u00e1n en peligro por problemas con el funcionamiento del sistema penal."},"content":{"rendered":"\n<figure class=\"wp-block-image size-large\"><img loading=\"lazy\" decoding=\"async\" width=\"750\" height=\"536\" src=\"http:\/\/armstrongyregion.com.ar\/diario\/wp-content\/uploads\/2022\/08\/Tribunales-750x536-1.jpg\" alt=\"\" class=\"wp-image-35326\" srcset=\"https:\/\/armstrongyregion.com.ar\/diario\/wp-content\/uploads\/2022\/08\/Tribunales-750x536-1.jpg 750w, https:\/\/armstrongyregion.com.ar\/diario\/wp-content\/uploads\/2022\/08\/Tribunales-750x536-1-300x214.jpg 300w\" sizes=\"auto, (max-width: 750px) 100vw, 750px\" \/><\/figure>\n\n\n\n<p><strong>CA\u00d1ADA DE G\u00d3MEZ Y ZONA EST\u00c1N EN PELIGRO POR&nbsp; PROBLEMAS CON EL FUNCIONAMIENTO DEL SISTEMA PENAL<\/strong>Viernes 05-08-22&nbsp; a las 10:00 Hs. Frente al NUEVO Edificio de Tribunales, Balcarce y Maip\u00faAc\u00e9rcate a brindar apoyo a la petici\u00f3n que hacemos abogados y abogadas que reclamamos la normalizaci\u00f3n del funcionamiento del Ministerio P\u00fablico de la Acusaci\u00f3n, como uno de los caminos para garantizar la PAZ SOCIAL.VENGANZA Y JUSTICIA POR MANO PROPIA COMIENZAN A LLEGAR A LOS O\u00cdDOS DE LOS PROFESIONALES QUE TRABAJAMOS EN EL SISTEMA.ESTO ES GRAVE, NO ME LO CONTARON QUE LO ESCUCHARON, SINO QUE MIS FUENTES SON DIRECTAS.La \u00fanica soluci\u00f3n pasa por una CORRECTA ADMINISTRACI\u00d3N DE JUSTICIA, EFICIENTE EN LA ACUSACI\u00d3N Y RESPETUOSA DE NUESTRA CONSTITUCI\u00d3N NACIONAL, EN ESE EQUILIBRIO, ENCONTRAREMOS LA PAZ Y LA DICHA, FUERA DE ELLO, ES COMO ESTAMOS HOY.<\/p>\n\n\n\n<p><strong>Ca\u00f1ada de G\u00f3mez, 05 de Agosto de 2022.-<\/strong><\/p>\n\n\n\n<p><strong>A la autoridad que corresponda<\/strong><\/p>\n\n\n\n<p><strong>-PRESENTE-<\/strong><br><strong>S \/ D<\/strong><\/p>\n\n\n\n<p><strong>De nuestra consideraci\u00f3n:<\/strong><\/p>\n\n\n\n<p>Por intermedio de la presente, los abogados autoconvocados del Distrito Judicial N\u00famero seis con asiento en la ciudad de Ca\u00f1ada de G\u00f3mez, con el sustento y apoyo conjunto, unidos y sin distinci\u00f3n de partidos pol\u00edticos, ciudadanos independientes y v\u00edctimas, todos abajo firmantes, tienen el agrado de dirigirse a Usted y por vuestro digno intermedio a quien corresponda, con la finalidad de manifestar lo siguiente:<\/p>\n\n\n\n<p>1) Que la situaci\u00f3n del Fuero Penal en el distrito ha colapsado de manera irremediable.-<br>2) Que las autoridades judiciales y el poder pol\u00edtico en general han limitado su accionar a meras acciones individuales, las cuales fueron inconducentes e incapaces de resolver el problema y mientras tanto el pueblo es v\u00edctima de tal ineficaz accionar, que pone en riesgo LA PAZ SOCIAL de los ciudadanos.<br>Es por ello que ante la falta de soluci\u00f3n por medios individuales, se adhiere en forma conjunta y sin distinci\u00f3n de bander\u00edas partidarias la presente movilizaci\u00f3n que se realiza en forma colectiva y conjunta.-<br>3) Que es exclusiva responsabilidad de los funcionarios y autoridades, proveer de los recursos t\u00e9cnicos y humanos para lograr el perfecto funcionamiento del sistema penal que nos imponen mediante el C\u00f3digo de Procedimiento. Caso contrario, por acci\u00f3n u omisi\u00f3n, entendemos se producir\u00eda una flagrante denegaci\u00f3n de justicia y un feroz incumplimiento de los deberes de funcionarios p\u00fablico; y lo que es m\u00e1s grave a\u00fan, Ustedes contribuir\u00edan a que el estado viole sistem\u00e1ticamente los tratados internacionales que conforman el bloque constitucional.-<br>4) Que por ello, la ciudadan\u00eda comenz\u00f3 a marchar p\u00fablicamente y de manera espont\u00e1nea, no pudiendo prever en esta instancia cu\u00e1l ser\u00e1 su l\u00edmite, pero sin lugar a dudas, de continuar las mismas, dejan desnudas p\u00fablicamente la desidia, el desinter\u00e9s y la irresponsabilidad de funcionarios superiores y pol\u00edticos ante la Justicia del Distrito Judicial Nro. 6 en general y del Ministerio P\u00fablico de la Acusaci\u00f3n y la Oficina de Gesti\u00f3n Judicial en particular.-<\/p>\n\n\n\n<p>Que solicitamos la inmediata adopci\u00f3n de medidas tendientes a solucionar la falta de \u201ccantidad\u201d y \u201ccalidad\u201d de fiscales en el Ministerio P\u00fablico de la Acusaci\u00f3n y Jueces en la&nbsp; Oficina de Gesti\u00f3n Judicial, propugnando el traslado inmediato de por lo menos cuatro Fiscales y tres Jueces Penales, hasta tanto se resuelvan las designaciones.-<\/p>\n\n\n\n<p><em>Sin otro particular, esperando tome debida nota y raz\u00f3n de la que antecede, se le saluda con la consideraci\u00f3n que se merece.-<\/em><\/p>\n\n\n\n<p>Fuente: La Imprenta.<\/p>\n","protected":false},"excerpt":{"rendered":"<p>CA\u00d1ADA DE G\u00d3MEZ Y ZONA EST\u00c1N EN PELIGRO POR&nbsp; PROBLEMAS CON EL FUNCIONAMIENTO DEL SISTEMA PENALViernes 05-08-22&nbsp; a las 10:00 Hs. Frente al NUEVO Edificio de Tribunales, Balcarce y Maip\u00faAc\u00e9rcate a brindar apoyo a la petici\u00f3n que hacemos abogados y abogadas que reclamamos la normalizaci\u00f3n del funcionamiento del Ministerio P\u00fablico de la Acusaci\u00f3n, como uno <a href=\"https:\/\/armstrongyregion.com.ar\/diario\/canada-de-gomez-y-zona-estan-en-peligro-por-problemas-con-el-funcionamiento-del-sistema-penal\/\" title=\"Read more\" >&#8230;<\/a><\/p>\n","protected":false},"author":1,"featured_media":35326,"comment_status":"open","ping_status":"open","sticky":false,"template":"","format":"image","meta":{"_jetpack_memberships_contains_paid_content":false,"footnotes":"","jetpack_publicize_message":"","jetpack_publicize_feature_enabled":true,"jetpack_social_post_already_shared":true,"jetpack_social_options":{"image_generator_settings":{"template":"highway","default_image_id":0,"enabled":false},"version":2}},"categories":[8,1,2,7,3],"tags":[],"class_list":["post-35325","post","type-post","status-publish","format-image","has-post-thumbnail","hentry","category-deliberando","category-diario-armstrong","category-locales","category-politica","category-region","post_format-post-format-image"],"jetpack_publicize_connections":[],"jetpack_featured_media_url":"https:\/\/armstrongyregion.com.ar\/diario\/wp-content\/uploads\/2022\/08\/Tribunales-750x536-1.jpg","jetpack_shortlink":"https:\/\/wp.me\/p62QDO-9bL","jetpack_sharing_enabled":true,"amp_enabled":true,"_links":{"self":[{"href":"https:\/\/armstrongyregion.com.ar\/diario\/wp-json\/wp\/v2\/posts\/35325","targetHints":{"allow":["GET"]}}],"collection":[{"href":"https:\/\/armstrongyregion.com.ar\/diario\/wp-json\/wp\/v2\/posts"}],"about":[{"href":"https:\/\/armstrongyregion.com.ar\/diario\/wp-json\/wp\/v2\/types\/post"}],"author":[{"embeddable":true,"href":"https:\/\/armstrongyregion.com.ar\/diario\/wp-json\/wp\/v2\/users\/1"}],"replies":[{"embeddable":true,"href":"https:\/\/armstrongyregion.com.ar\/diario\/wp-json\/wp\/v2\/comments?post=35325"}],"version-history":[{"count":1,"href":"https:\/\/armstrongyregion.com.ar\/diario\/wp-json\/wp\/v2\/posts\/35325\/revisions"}],"predecessor-version":[{"id":35327,"href":"https:\/\/armstrongyregion.com.ar\/diario\/wp-json\/wp\/v2\/posts\/35325\/revisions\/35327"}],"wp:featuredmedia":[{"embeddable":true,"href":"https:\/\/armstrongyregion.com.ar\/diario\/wp-json\/wp\/v2\/media\/35326"}],"wp:attachment":[{"href":"https:\/\/armstrongyregion.com.ar\/diario\/wp-json\/wp\/v2\/media?parent=35325"}],"wp:term":[{"taxonomy":"category","embeddable":true,"href":"https:\/\/armstrongyregion.com.ar\/diario\/wp-json\/wp\/v2\/categories?post=35325"},{"taxonomy":"post_tag","embeddable":true,"href":"https:\/\/armstrongyregion.com.ar\/diario\/wp-json\/wp\/v2\/tags?post=35325"}],"curies":[{"name":"wp","href":"https:\/\/api.w.org\/{rel}","templated":true}]}}