{"id":35271,"date":"2022-07-31T17:11:00","date_gmt":"2022-07-31T17:11:00","guid":{"rendered":"https:\/\/armstrongyregion.com.ar\/diario\/?p=35271"},"modified":"2022-07-31T17:11:02","modified_gmt":"2022-07-31T17:11:02","slug":"el-diputado-provincial-leandro-busatto-estuvo-de-recorrida-por-el-departamento-belgrano","status":"publish","type":"post","link":"https:\/\/armstrongyregion.com.ar\/diario\/el-diputado-provincial-leandro-busatto-estuvo-de-recorrida-por-el-departamento-belgrano\/","title":{"rendered":"El Diputado Provincial Leandro Busatto, estuvo de recorrida por el departamento Belgrano."},"content":{"rendered":"\n<figure class=\"wp-block-image size-large\"><img loading=\"lazy\" decoding=\"async\" width=\"512\" height=\"288\" src=\"http:\/\/armstrongyregion.com.ar\/diario\/wp-content\/uploads\/2022\/07\/Barraca-.jpg\" alt=\"\" class=\"wp-image-35272\" srcset=\"https:\/\/armstrongyregion.com.ar\/diario\/wp-content\/uploads\/2022\/07\/Barraca-.jpg 512w, https:\/\/armstrongyregion.com.ar\/diario\/wp-content\/uploads\/2022\/07\/Barraca--300x169.jpg 300w\" sizes=\"auto, (max-width: 512px) 100vw, 512px\" \/><\/figure>\n\n\n\n<p> <strong>El Jefe del Bloque Justicialista de la C\u00e1mara de Diputados de Santa Fe, Leandro Busatto, estuvo en la ciudad de Las Parejas dialogando con empresarios sobre  pol\u00edticas industriales y el crecimiento productivo en la region.<\/strong><\/p>\n\n\n\n<figure class=\"wp-block-image size-large\"><img loading=\"lazy\" decoding=\"async\" width=\"512\" height=\"288\" src=\"http:\/\/armstrongyregion.com.ar\/diario\/wp-content\/uploads\/2022\/07\/barraca2-busatto.jpg\" alt=\"\" class=\"wp-image-35273\" srcset=\"https:\/\/armstrongyregion.com.ar\/diario\/wp-content\/uploads\/2022\/07\/barraca2-busatto.jpg 512w, https:\/\/armstrongyregion.com.ar\/diario\/wp-content\/uploads\/2022\/07\/barraca2-busatto-300x169.jpg 300w\" sizes=\"auto, (max-width: 512px) 100vw, 512px\" \/><\/figure>\n\n\n\n<p><strong>Las\npol\u00edticas industriales del gobierno nacional han convertido a Santa\nFe en el motor de la recuperaci\u00f3n argentina, es la provincia que\nmejores n\u00fameros muestra en ese aspecto. Entre 2020 y 2021 la gesti\u00f3n\ninvirti\u00f3 107.242 millones de pesos para la reactivaci\u00f3n productiva\nde la provincia\u201d, afirm\u00f3 Busatto.<\/strong><\/p>\n\n\n\n<figure class=\"wp-block-image size-large\"><img loading=\"lazy\" decoding=\"async\" width=\"800\" height=\"600\" src=\"http:\/\/armstrongyregion.com.ar\/diario\/wp-content\/uploads\/2022\/07\/Busatto-tapa-1-.jpg\" alt=\"\" class=\"wp-image-35274\" srcset=\"https:\/\/armstrongyregion.com.ar\/diario\/wp-content\/uploads\/2022\/07\/Busatto-tapa-1-.jpg 800w, https:\/\/armstrongyregion.com.ar\/diario\/wp-content\/uploads\/2022\/07\/Busatto-tapa-1--300x225.jpg 300w, https:\/\/armstrongyregion.com.ar\/diario\/wp-content\/uploads\/2022\/07\/Busatto-tapa-1--768x576.jpg 768w\" sizes=\"auto, (max-width: 800px) 100vw, 800px\" \/><\/figure>\n\n\n\n<p>En ese sentido, el legislador destac\u00f3 que<strong>\u00a0\u201chubo casi 27.000 empresas que ingresaron al programa ATP, donde el Estado pag\u00f3 una parte de los salarios durante la pandemia\u201d<\/strong>\u00a0y que<strong>\u00a0hubo adem\u00e1s \u201c64.000 cr\u00e9ditos a tasa cero\u201d por un monto que super\u00f3 los 7.700 millones.<\/strong><\/p>\n\n\n\n<figure class=\"wp-block-image size-large\"><img loading=\"lazy\" decoding=\"async\" width=\"400\" height=\"300\" src=\"http:\/\/armstrongyregion.com.ar\/diario\/wp-content\/uploads\/2022\/07\/busatto-solo-.jpg\" alt=\"\" class=\"wp-image-35275\" srcset=\"https:\/\/armstrongyregion.com.ar\/diario\/wp-content\/uploads\/2022\/07\/busatto-solo-.jpg 400w, https:\/\/armstrongyregion.com.ar\/diario\/wp-content\/uploads\/2022\/07\/busatto-solo--300x225.jpg 300w\" sizes=\"auto, (max-width: 400px) 100vw, 400px\" \/><\/figure>\n\n\n\n<p><strong><br> <\/strong><br> \u201cEsto quiere decir que, para sostener el empleo durante una pandemia que gener\u00f3 una crisis mundial sin precedentes, el Estado pag\u00f3 parte del salario de m\u00e1s de 233.000 trabajadores y trabajadoras del sector privado, s\u00f3lo desde el programa ATP\u201d, remarc\u00f3.<\/p>\n\n\n\n<p><strong>Busatto\nsostuvo que esas pol\u00edticas fueron clave para ver los n\u00fameros\npositivos que hoy muestra el sector <\/strong><strong>productivo.<\/strong><\/p>\n\n\n\n<figure class=\"wp-block-image size-large\"><img loading=\"lazy\" decoding=\"async\" width=\"819\" height=\"461\" src=\"http:\/\/armstrongyregion.com.ar\/diario\/wp-content\/uploads\/2022\/07\/barraca-3-busatto.jpg\" alt=\"\" class=\"wp-image-35276\" srcset=\"https:\/\/armstrongyregion.com.ar\/diario\/wp-content\/uploads\/2022\/07\/barraca-3-busatto.jpg 819w, https:\/\/armstrongyregion.com.ar\/diario\/wp-content\/uploads\/2022\/07\/barraca-3-busatto-300x169.jpg 300w, https:\/\/armstrongyregion.com.ar\/diario\/wp-content\/uploads\/2022\/07\/barraca-3-busatto-768x432.jpg 768w\" sizes=\"auto, (max-width: 819px) 100vw, 819px\" \/><\/figure>\n\n\n\n<p><strong>Luego visit\u00f3 la ciudad de Armstrong, donde el diputado provincial, se entrevist\u00f3 con el Pte. Del Club Atl\u00e9tico Deportivo Barraca, Juan Pablo Marconi a quien le inform\u00f3 sobre el Ministerio de Deportes de la provincia de Santa Fe. <\/strong>Dicha instituci\u00f3n cuenta con 800 socios y cumple un importante rol social en la ciudad.<\/p>\n\n\n\n<p><strong>\u201cPara nosotros el deporte es educaci\u00f3n, cultura, valores, inclusi\u00f3n. Por ello entendimos que deb\u00eda existir un marco jur\u00eddico que regule la pr\u00e1ctica deportiva en el \u00e1mbito del Estado\u201d, afirm\u00f3.<\/strong><\/p>\n\n\n\n<p> Explic\u00f3 que no se trat\u00f3 s\u00f3lo de \u201cun cambio de nombre del \u00e1rea, o de otorgarle un rango superior\u201d, sino de \u201cuna mejor estructura para coordinar y ejecutar pol\u00edticas p\u00fablicas, programas y proyectos en materia de deporte, recreaci\u00f3n y actividad f\u00edsica\u201d. \u201cBuscamos articular, junto con los ministerios de Salud, Educaci\u00f3n y Desarrollo Social proyectos muy importantes para los ni\u00f1os en todos los establecimientos y los clubes de la provincia, quienes  hoy cuentan con mayores recursos. \u201d, finaliz\u00f3.<\/p>\n","protected":false},"excerpt":{"rendered":"<p>El Jefe del Bloque Justicialista de la C\u00e1mara de Diputados de Santa Fe, Leandro Busatto, estuvo en la ciudad de Las Parejas dialogando con empresarios sobre pol\u00edticas industriales y el crecimiento productivo en la region. Las pol\u00edticas industriales del gobierno nacional han convertido a Santa Fe en el motor de la recuperaci\u00f3n argentina, es la <a href=\"https:\/\/armstrongyregion.com.ar\/diario\/el-diputado-provincial-leandro-busatto-estuvo-de-recorrida-por-el-departamento-belgrano\/\" title=\"Read more\" >&#8230;<\/a><\/p>\n","protected":false},"author":1,"featured_media":35274,"comment_status":"open","ping_status":"open","sticky":false,"template":"","format":"image","meta":{"_jetpack_memberships_contains_paid_content":false,"footnotes":"","jetpack_publicize_message":"","jetpack_publicize_feature_enabled":true,"jetpack_social_post_already_shared":true,"jetpack_social_options":{"image_generator_settings":{"template":"highway","default_image_id":0,"enabled":false},"version":2}},"categories":[8,1,2,7,3],"tags":[],"class_list":["post-35271","post","type-post","status-publish","format-image","has-post-thumbnail","hentry","category-deliberando","category-diario-armstrong","category-locales","category-politica","category-region","post_format-post-format-image"],"jetpack_publicize_connections":[],"jetpack_featured_media_url":"https:\/\/armstrongyregion.com.ar\/diario\/wp-content\/uploads\/2022\/07\/Busatto-tapa-1-.jpg","jetpack_shortlink":"https:\/\/wp.me\/p62QDO-9aT","jetpack_sharing_enabled":true,"amp_enabled":true,"_links":{"self":[{"href":"https:\/\/armstrongyregion.com.ar\/diario\/wp-json\/wp\/v2\/posts\/35271","targetHints":{"allow":["GET"]}}],"collection":[{"href":"https:\/\/armstrongyregion.com.ar\/diario\/wp-json\/wp\/v2\/posts"}],"about":[{"href":"https:\/\/armstrongyregion.com.ar\/diario\/wp-json\/wp\/v2\/types\/post"}],"author":[{"embeddable":true,"href":"https:\/\/armstrongyregion.com.ar\/diario\/wp-json\/wp\/v2\/users\/1"}],"replies":[{"embeddable":true,"href":"https:\/\/armstrongyregion.com.ar\/diario\/wp-json\/wp\/v2\/comments?post=35271"}],"version-history":[{"count":1,"href":"https:\/\/armstrongyregion.com.ar\/diario\/wp-json\/wp\/v2\/posts\/35271\/revisions"}],"predecessor-version":[{"id":35277,"href":"https:\/\/armstrongyregion.com.ar\/diario\/wp-json\/wp\/v2\/posts\/35271\/revisions\/35277"}],"wp:featuredmedia":[{"embeddable":true,"href":"https:\/\/armstrongyregion.com.ar\/diario\/wp-json\/wp\/v2\/media\/35274"}],"wp:attachment":[{"href":"https:\/\/armstrongyregion.com.ar\/diario\/wp-json\/wp\/v2\/media?parent=35271"}],"wp:term":[{"taxonomy":"category","embeddable":true,"href":"https:\/\/armstrongyregion.com.ar\/diario\/wp-json\/wp\/v2\/categories?post=35271"},{"taxonomy":"post_tag","embeddable":true,"href":"https:\/\/armstrongyregion.com.ar\/diario\/wp-json\/wp\/v2\/tags?post=35271"}],"curies":[{"name":"wp","href":"https:\/\/api.w.org\/{rel}","templated":true}]}}