{"id":3527,"date":"2015-08-10T16:23:31","date_gmt":"2015-08-10T16:23:31","guid":{"rendered":"https:\/\/armstrongyregion.com.ar\/diario\/?p=3527"},"modified":"2015-08-10T16:23:31","modified_gmt":"2015-08-10T16:23:31","slug":"armstrong-robaron-una-vivienda-de-calle-shaer","status":"publish","type":"post","link":"https:\/\/armstrongyregion.com.ar\/diario\/armstrong-robaron-una-vivienda-de-calle-shaer\/","title":{"rendered":"Armstrong. Robaron una vivienda de calle Shaer."},"content":{"rendered":"<p><a href=\"http:\/\/armstrongyregion.com.ar\/diario\/wp-content\/uploads\/2015\/08\/IMG-20150810-WA0029.jpg\"><img loading=\"lazy\" decoding=\"async\" class=\"alignnone size-medium wp-image-3528\" src=\"http:\/\/armstrongyregion.com.ar\/diario\/wp-content\/uploads\/2015\/08\/IMG-20150810-WA0029-300x169.jpg\" alt=\"Robo-Cerutti-Armstrong-y-region-\" width=\"300\" height=\"169\" srcset=\"https:\/\/armstrongyregion.com.ar\/diario\/wp-content\/uploads\/2015\/08\/IMG-20150810-WA0029-300x169.jpg 300w, https:\/\/armstrongyregion.com.ar\/diario\/wp-content\/uploads\/2015\/08\/IMG-20150810-WA0029-1024x575.jpg 1024w, https:\/\/armstrongyregion.com.ar\/diario\/wp-content\/uploads\/2015\/08\/IMG-20150810-WA0029.jpg 1280w\" sizes=\"auto, (max-width: 300px) 100vw, 300px\" \/><\/a>Seg\u00fan lo manifestado en una denuncia radicada en la Comisar\u00eda local, por la Sra. Elsa Catalina Bel\u00e9n Cerutti, domiciliada en calle Shaer al 1100 de nuestra ciudad, al ausentarse el d\u00eda s\u00e1bado al mediod\u00eda por unas horas, al regresar se encuentra junto a su hija Brenda, con toda la casa revuelta y notando el faltante de 3 televisores, 1 computadora, 1 notebook, 1 c\u00e1mara de fotos digital.<\/p>\n<p>Teniendo en cuenta el dram\u00e1tico momento, Elsa nos dec\u00eda, \u201cA m\u00ed me cost\u00f3 mucho comprar esto que me robaron, siento mucha impotencia, para m\u00ed la casa ha sido vigilada, mi casa fue entregada. Conf\u00edo en que alguien haya visto algo\u201d.<\/p>\n<p>Elsa continu\u00f3, \u201cHace dos meses atr\u00e1s, me robaron la garrafa, tambi\u00e9n hice la denuncia pero nada, nadie vino m\u00e1s que ustedes en este momento\u201d.<\/p>\n<p>Lo llamativo y profundamente desconcertante, es que cuando nos dirigimos a la Polic\u00eda, el fin de semana, nos dijeron que no hab\u00eda ninguna novedad para destacar\u201d.<\/p>\n<p>Informe, Jorge Tagina, para Armstrong y Region.<\/p>\n","protected":false},"excerpt":{"rendered":"<p>Seg\u00fan lo manifestado en una denuncia radicada en la Comisar\u00eda local, por la Sra. Elsa Catalina Bel\u00e9n Cerutti, domiciliada en calle Shaer al 1100 de nuestra ciudad, al ausentarse el d\u00eda s\u00e1bado al mediod\u00eda por unas horas, al regresar se encuentra junto a su hija Brenda, con toda la casa revuelta y notando el faltante <a href=\"https:\/\/armstrongyregion.com.ar\/diario\/armstrong-robaron-una-vivienda-de-calle-shaer\/\" title=\"Read more\" >&#8230;<\/a><\/p>\n","protected":false},"author":2,"featured_media":3528,"comment_status":"open","ping_status":"open","sticky":false,"template":"","format":"standard","meta":{"_jetpack_memberships_contains_paid_content":false,"footnotes":"","jetpack_publicize_message":"","jetpack_publicize_feature_enabled":true,"jetpack_social_post_already_shared":false,"jetpack_social_options":{"image_generator_settings":{"template":"highway","default_image_id":0,"enabled":false},"version":2}},"categories":[1,2,3],"tags":[20,345,19,632,2496,103,104],"class_list":["post-3527","post","type-post","status-publish","format-standard","has-post-thumbnail","hentry","category-diario-armstrong","category-locales","category-region","tag-armstrong","tag-calle","tag-de","tag-robaron","tag-shaer","tag-una","tag-vivienda"],"jetpack_publicize_connections":[],"jetpack_featured_media_url":"https:\/\/armstrongyregion.com.ar\/diario\/wp-content\/uploads\/2015\/08\/IMG-20150810-WA0029.jpg","jetpack_shortlink":"https:\/\/wp.me\/p62QDO-UT","jetpack_sharing_enabled":true,"amp_enabled":true,"_links":{"self":[{"href":"https:\/\/armstrongyregion.com.ar\/diario\/wp-json\/wp\/v2\/posts\/3527","targetHints":{"allow":["GET"]}}],"collection":[{"href":"https:\/\/armstrongyregion.com.ar\/diario\/wp-json\/wp\/v2\/posts"}],"about":[{"href":"https:\/\/armstrongyregion.com.ar\/diario\/wp-json\/wp\/v2\/types\/post"}],"author":[{"embeddable":true,"href":"https:\/\/armstrongyregion.com.ar\/diario\/wp-json\/wp\/v2\/users\/2"}],"replies":[{"embeddable":true,"href":"https:\/\/armstrongyregion.com.ar\/diario\/wp-json\/wp\/v2\/comments?post=3527"}],"version-history":[{"count":0,"href":"https:\/\/armstrongyregion.com.ar\/diario\/wp-json\/wp\/v2\/posts\/3527\/revisions"}],"wp:featuredmedia":[{"embeddable":true,"href":"https:\/\/armstrongyregion.com.ar\/diario\/wp-json\/wp\/v2\/media\/3528"}],"wp:attachment":[{"href":"https:\/\/armstrongyregion.com.ar\/diario\/wp-json\/wp\/v2\/media?parent=3527"}],"wp:term":[{"taxonomy":"category","embeddable":true,"href":"https:\/\/armstrongyregion.com.ar\/diario\/wp-json\/wp\/v2\/categories?post=3527"},{"taxonomy":"post_tag","embeddable":true,"href":"https:\/\/armstrongyregion.com.ar\/diario\/wp-json\/wp\/v2\/tags?post=3527"}],"curies":[{"name":"wp","href":"https:\/\/api.w.org\/{rel}","templated":true}]}}