{"id":35263,"date":"2022-07-31T15:32:55","date_gmt":"2022-07-31T15:32:55","guid":{"rendered":"https:\/\/armstrongyregion.com.ar\/diario\/?p=35263"},"modified":"2022-07-31T15:32:56","modified_gmt":"2022-07-31T15:32:56","slug":"paro-de-amsafe-los-dias-2-y-3-de-agosto","status":"publish","type":"post","link":"https:\/\/armstrongyregion.com.ar\/diario\/paro-de-amsafe-los-dias-2-y-3-de-agosto\/","title":{"rendered":"Paro de Amsafe los d\u00edas 2 y 3 de agosto."},"content":{"rendered":"\n<figure class=\"wp-block-image size-large\"><img loading=\"lazy\" decoding=\"async\" width=\"512\" height=\"359\" src=\"http:\/\/armstrongyregion.com.ar\/diario\/wp-content\/uploads\/2022\/07\/amsafe1.png\" alt=\"\" class=\"wp-image-35264\" srcset=\"https:\/\/armstrongyregion.com.ar\/diario\/wp-content\/uploads\/2022\/07\/amsafe1.png 512w, https:\/\/armstrongyregion.com.ar\/diario\/wp-content\/uploads\/2022\/07\/amsafe1-300x210.png 300w\" sizes=\"auto, (max-width: 512px) 100vw, 512px\" \/><\/figure>\n\n\n\n<h2 class=\"wp-block-heading\"> <em>En caso de no ser convocados a paritaria, repetir\u00e1n la medida de fuerza por 48 horas los d\u00edas 10 y 11 de agosto con acciones provinciales y asamblea evaluativa.<\/em> <\/h2>\n\n\n\n<p>Este viernes 29 de julio de 2022 se realiz\u00f3 la asamblea provincial de la que participaron representantes de las 19 Delegaciones Departamentales de Amsafe. Luego de realizar las asambleas departamentales, 32.197docentes participaron de la votaci\u00f3n. Un total de 32021 optaron por realizar medidas de fuerza, por lo que la asamblea provincial resolvi\u00f3:<\/p>\n\n\n\n<p>Paro de 48 horas los d\u00edas 2 y 3 de agosto con realizaci\u00f3n de acciones locales y regionales.<\/p>\n\n\n\n<p>En caso de no ser convocados a paritaria, paro por 48 horas los d\u00edas 10 y 11 de agosto con acciones provinciales y asamblea evaluativa.<\/p>\n\n\n\n<p>Participar de las acciones convocadas por la CTERA \u2013 CTA de los trabajadores ante la gravedad de la situaci\u00f3n econ\u00f3mica que afecta a los trabajadores y trabajadoras de nuestro pa\u00eds.<\/p>\n\n\n\n<p>Exigen:<\/p>\n\n\n\n<p>Urgente convocatoria a paritarias<\/p>\n\n\n\n<p>Adelantamiento de los tramos de aumento y nueva recomposici\u00f3n salarial.<\/p>\n\n\n\n<p>Apertura de la discusi\u00f3n sobre extensi\u00f3n horaria en resguardo de los derechos de los y las trabajadoras, boleto gratuito, problem\u00e1ticas de los diferentes niveles y modalidades y creaci\u00f3n de cargos.<\/p>\n\n\n\n<p>Defensa de las Escuelas Rurales y atenci\u00f3n a sus problem\u00e1ticas.<\/p>\n\n\n\n<p>Urgente pago de lo adeudado en las partidas de Comedor y Copa de Leche y actualizaci\u00f3n de los montos.<\/p>\n\n\n\n<p>Urgente soluci\u00f3n a los problemas de funcionamiento de Iapos.<\/p>\n\n\n\n<p>Defensa de la educaci\u00f3n de adultos, no a los cierres de cargos y reformas inconsultas.<\/p>\n\n\n\n<p>Dejar sin efecto las destitularizaciones.<\/p>\n\n\n\n<p>Asignaci\u00f3n de Funciones a los Equipos Territoriales de Convivencia.<\/p>\n\n\n\n<p>Apertura de inscripciones al EEMPA 1330<\/p>\n\n\n\n<p>Creaci\u00f3n de cargos y horas c\u00e1tedras.<\/p>\n\n\n\n<p>Urgente soluci\u00f3n a los problemas de infraestructura, especialmente de la escuela Normal N\u00ba 32, Comercial N\u00ba 45 y Jard\u00edn N\u00ba 220 de san Justo<\/p>\n\n\n\n<p>Aumento de las asignaciones familiares.<\/p>\n\n\n\n<p>Eliminaci\u00f3n de la cuarta categor\u00eda del impuesto a las ganancias, el salario no es ganancia.<\/p>\n\n\n\n<p>FUENTE:&nbsp;&nbsp;https:\/\/amsafe.org.ar\/la-asamblea-provincial-resolvio-paro\/<\/p>\n","protected":false},"excerpt":{"rendered":"<p>En caso de no ser convocados a paritaria, repetir\u00e1n la medida de fuerza por 48 horas los d\u00edas 10 y 11 de agosto con acciones provinciales y asamblea evaluativa. Este viernes 29 de julio de 2022 se realiz\u00f3 la asamblea provincial de la que participaron representantes de las 19 Delegaciones Departamentales de Amsafe. Luego de <a href=\"https:\/\/armstrongyregion.com.ar\/diario\/paro-de-amsafe-los-dias-2-y-3-de-agosto\/\" title=\"Read more\" >&#8230;<\/a><\/p>\n","protected":false},"author":1,"featured_media":35264,"comment_status":"open","ping_status":"open","sticky":false,"template":"","format":"image","meta":{"_jetpack_memberships_contains_paid_content":false,"footnotes":"","jetpack_publicize_message":"","jetpack_publicize_feature_enabled":true,"jetpack_social_post_already_shared":true,"jetpack_social_options":{"image_generator_settings":{"template":"highway","default_image_id":0,"enabled":false},"version":2}},"categories":[6,8,1,2,7,3],"tags":[],"class_list":["post-35263","post","type-post","status-publish","format-image","has-post-thumbnail","hentry","category-cultura-entretenimiento","category-deliberando","category-diario-armstrong","category-locales","category-politica","category-region","post_format-post-format-image"],"jetpack_publicize_connections":[],"jetpack_featured_media_url":"https:\/\/armstrongyregion.com.ar\/diario\/wp-content\/uploads\/2022\/07\/amsafe1.png","jetpack_shortlink":"https:\/\/wp.me\/p62QDO-9aL","jetpack_sharing_enabled":true,"amp_enabled":true,"_links":{"self":[{"href":"https:\/\/armstrongyregion.com.ar\/diario\/wp-json\/wp\/v2\/posts\/35263","targetHints":{"allow":["GET"]}}],"collection":[{"href":"https:\/\/armstrongyregion.com.ar\/diario\/wp-json\/wp\/v2\/posts"}],"about":[{"href":"https:\/\/armstrongyregion.com.ar\/diario\/wp-json\/wp\/v2\/types\/post"}],"author":[{"embeddable":true,"href":"https:\/\/armstrongyregion.com.ar\/diario\/wp-json\/wp\/v2\/users\/1"}],"replies":[{"embeddable":true,"href":"https:\/\/armstrongyregion.com.ar\/diario\/wp-json\/wp\/v2\/comments?post=35263"}],"version-history":[{"count":1,"href":"https:\/\/armstrongyregion.com.ar\/diario\/wp-json\/wp\/v2\/posts\/35263\/revisions"}],"predecessor-version":[{"id":35265,"href":"https:\/\/armstrongyregion.com.ar\/diario\/wp-json\/wp\/v2\/posts\/35263\/revisions\/35265"}],"wp:featuredmedia":[{"embeddable":true,"href":"https:\/\/armstrongyregion.com.ar\/diario\/wp-json\/wp\/v2\/media\/35264"}],"wp:attachment":[{"href":"https:\/\/armstrongyregion.com.ar\/diario\/wp-json\/wp\/v2\/media?parent=35263"}],"wp:term":[{"taxonomy":"category","embeddable":true,"href":"https:\/\/armstrongyregion.com.ar\/diario\/wp-json\/wp\/v2\/categories?post=35263"},{"taxonomy":"post_tag","embeddable":true,"href":"https:\/\/armstrongyregion.com.ar\/diario\/wp-json\/wp\/v2\/tags?post=35263"}],"curies":[{"name":"wp","href":"https:\/\/api.w.org\/{rel}","templated":true}]}}