{"id":35256,"date":"2022-07-31T14:49:32","date_gmt":"2022-07-31T14:49:32","guid":{"rendered":"https:\/\/armstrongyregion.com.ar\/diario\/?p=35256"},"modified":"2022-07-31T14:49:32","modified_gmt":"2022-07-31T14:49:32","slug":"frana-recorrio-las-obras-del-programa-integral-de-edificios-educativos-para-el-desarrollo-y-cuidado-de-las-infancias","status":"publish","type":"post","link":"https:\/\/armstrongyregion.com.ar\/diario\/frana-recorrio-las-obras-del-programa-integral-de-edificios-educativos-para-el-desarrollo-y-cuidado-de-las-infancias\/","title":{"rendered":"Frana recorri\u00f3 las obras del programa integral de Edificios Educativos para el desarrollo y cuidado de las infancias."},"content":{"rendered":"\n<figure class=\"wp-block-image size-large\"><img loading=\"lazy\" decoding=\"async\" width=\"570\" height=\"320\" src=\"http:\/\/armstrongyregion.com.ar\/diario\/wp-content\/uploads\/2022\/07\/frana-obras-123.jpg\" alt=\"\" class=\"wp-image-35257\" srcset=\"https:\/\/armstrongyregion.com.ar\/diario\/wp-content\/uploads\/2022\/07\/frana-obras-123.jpg 570w, https:\/\/armstrongyregion.com.ar\/diario\/wp-content\/uploads\/2022\/07\/frana-obras-123-300x168.jpg 300w\" sizes=\"auto, (max-width: 570px) 100vw, 570px\" \/><\/figure>\n\n\n\n<h2 class=\"wp-block-heading\"> En el departamento Rosario se est\u00e1n invirtiendo m\u00e1s de $80.000 millones en obras. La ministra de Infraestructura recorri\u00f3 obras en Fighiera y G\u00e1lvez.<\/h2>\n\n\n\n<p>\n\nLa ministra de Infraestructura, Servicios P\u00fablicos y H\u00e1bitat, Silvina Frana, recorri\u00f3 los avances de obras que se est\u00e1n ejecutando en el marco del programa integral de edificios educativos para el desarrollo y cuidado de las infancias y distintos planes de viviendas. La acompa\u00f1aron el senador por el departamento Rosario, Miguel Rabia, la secretaria de Arquitectura y Obras P\u00fablicas, Leticia Battaglia, el subsecretario de Planificaci\u00f3n Estrat\u00e9gica, David Priolo, la directora Provincial de DIPAI, Ileana Rossi, y autoridades locales.<\/p>\n\n\n\n<p>En la oportunidad, la comitiva visit\u00f3 Fighiera el Centro de Desarrollo Infantil (CDI), el Jard\u00edn pospandemia y los terrenos para un futuro plan de 30 viviendas. Mientras que en G\u00e1lvez, verific\u00f3 los avances de obra del CDI y el plan de 78 viviendas del programa nacional Casa Propia-Construir Futuro.<\/p>\n\n\n\n<p>Al respecto, la ministra Frana coment\u00f3 \u201cTrabajamos muchas obras mancomunadamente con el gobierno nacional, y en particular, tanto los CDI como los jardines pospandemia se est\u00e1n ejecutando a lo largo y ancho de la provincia. S\u00f3lo en la provincia de Santa Fe se est\u00e1n desarrollando 13 CDI por m\u00e1s de 580 millones de pesos. Esto responde a una pol\u00edtica del gobernador Omar Perotti, de contenci\u00f3n de ni\u00f1os y ni\u00f1as en las primeras infancias, que tambi\u00e9n est\u00e1 destinado a las mam\u00e1s, que generalmente son las que se encargan de las tareas del cuidado, y que a veces, por esta cuesti\u00f3n, pierden la posibilidad de desarrollar un trabajo, de estudiar, porque no tienen qui\u00e9n se encargue de sus ni\u00f1os. Entonces, estos Centros tambi\u00e9n tienen que ver con las mujeres, para que puedan contar con un espacio que las ayude y puedan contener a sus hijos\u00bb.<\/p>\n\n\n\n<p>M\u00e1s adelante, dijo: \u00abHay cifras que demuestran que el 80% de los chicos de los barrios m\u00e1s populares no asiste a lugares de cuidado, con lo cual esto viene a atender una realidad y una necesidad concreta, para acompa\u00f1ar ese crecimiento en los primeros a\u00f1os de la infancia, construyendo el futuro para que muchos ni\u00f1os y ni\u00f1as accedan a la educaci\u00f3n, la promoci\u00f3n y protecci\u00f3n de derechos, reduciendo las inequidades territoriales existentes\u00bb, mencion\u00f3 Frana.<\/p>\n\n\n\n<p>Por su parte, el senador Rabbia, agreg\u00f3: \u201cTenemos localidades con un crecimiento constante como es el caso de Fighiera, y tenemos un gobierno que escucha, para transformar realidades. Y con estos espacios educativos van a poder trabajar en el crecimiento y desarrollo de los ni\u00f1os, en la psicomotricidad, la asistencia nutricional y la estimulaci\u00f3n temprana\u201d.<\/p>\n\n\n\n<p>En tanto, el presidente comunal de Fighiera, Rodolfo Stangoni, subray\u00f3: \u201cEstamos muy felices de la visita y acompa\u00f1amiento de la ministra Silvina Frana, viendo el avance de estas dos obras de edificios educativos en nuestra localidad. Y esto no s\u00f3lo es una emoci\u00f3n para m\u00ed, sino para toda la comunidad, especialmente para los padres que lo ven como una gran oportunidad de desarrollo y crecimiento para sus hijos. Trabajamos muy en conjunto entre naci\u00f3n-provincia-comuna, y estas son oportunidades que quedan instaladas en cada localidad para cubrir necesidades tan latentes\u201d.<\/p>\n\n\n\n<p><strong>M\u00c1S DE $80.000 MILLONES PARA EL DEPARTAMENTO ROSARIO<\/strong><\/p>\n\n\n\n<p>En referencia a las obras que se est\u00e1n desarrollando en el departamento Rosario, la ministra Frana destac\u00f3: \u201cDesde el ministerio de Infraestructura estamos llevando adelante obras de saneamiento, h\u00eddricas, de h\u00e1bitat y vivienda, de arquitectura, infraestructura sanitaria y de agua y energ\u00eda, que en el departamento Rosario se estiman por un monto mayor a los $80.000 millones, lo que muestra a las claras el compromiso de nuestro gobernador y el acompa\u00f1amiento del gobierno nacional en nuestro territorio\u00bb. Algunas obras se encuentran adjudicadas, en ejecuci\u00f3n y otras recientemente finalizadas, en las localidades de Rosario, Villa Gobernador G\u00e1lvez, Fighera, Pueblo Esther, P\u00e9rez, Funes, Ibarlucea, Pi\u00f1ero, Arroyo Seco, Granadero Baigorria, General Lagos, Uranga, Zavalla, Coronel Bogado, Acebal y Alvear.<\/p>\n\n\n\n<p>Al tiempo que agreg\u00f3: \u201cEstos son los lineamientos que trabajamos, generando una verdadera pol\u00edtica p\u00fablica de arraigo, de desarrollo equitativo e impulsando, a trav\u00e9s de la obra p\u00fablica, nuevos puestos de trabajo, con el norte y la mirada en lo que la gente necesita\u201d, cerr\u00f3 la ministra.<\/p>\n\n\n\n<p><strong>LOS CDI<\/strong><\/p>\n\n\n\n<p>El proyecto de los Centros de Desarrollo Infantil se enmarca dentro del programa \u201cRed de Infraestructura del Cuidado\u201d, de los ministerios de Obras P\u00fablicas y de Desarrollo Social de la Naci\u00f3n, financiado por el gobierno nacional.<\/p>\n\n\n\n<p>La secretaria de Arquitectura y Obras P\u00fablicas de la provincia, Leticia Battaglia, coment\u00f3 que \u00ablos CDI son el resultado de un trabajo conjunto con Naci\u00f3n, que en una primera etapa construir\u00e1n unos 300 centros en todo el pa\u00eds, con el objetivo de reducir las brechas existentes de pobreza, g\u00e9nero e inequidades territoriales. En la provincia de Santa Fe, se est\u00e1n realizando estas infraestructuras para la infancia en: G\u00e1lvez, Fighiera, Reconquista, Las Rosas, Gato Colorado, Rafaela, Tostado, Rosario, P\u00e9rez, Vera, El Tr\u00e9bol y Ca\u00f1ada de G\u00f3mez\u00bb.<\/p>\n\n\n\n<p>\u00abEstas unidades educativas contar\u00e1n con una superficie de 220 metros cuadrados, e incluir\u00e1n a ni\u00f1os y ni\u00f1as de 45 d\u00edas a 4 a\u00f1os de edad, que funcionar\u00e1n en dos turnos con capacidad de albergar 48 personas por turno, para recibir asistencia nutricional, estimulaci\u00f3n temprana y psicomotricidad. El prototipo dise\u00f1ado por equipos del gobierno nacional se desarrolla en un solo nivel con una circulaci\u00f3n principal que estructura las distintas actividades\u00bb, explic\u00f3 Battaglia.<\/p>\n\n\n\n<p>\u00abCada espacio educativo contar\u00e1 con un \u00e1rea de administraci\u00f3n con ba\u00f1o privado; cocina y dep\u00f3sito con ingreso propio para proveedores y personal; una sala maternal (de 45 d\u00edas a 1 a\u00f1o) y lactario; una sala de deambuladores (1 a\u00f1o a 2 a\u00f1os); una sala de 2 a\u00f1os a 3 a\u00f1os adaptable para funcionar como comedor; una sala de 3 a\u00f1os a 4 a\u00f1os adaptable para funcionar como comedor; un bloque sanitario para infantes, adem\u00e1s de un sanitario espec\u00edfico para personas con movilidad reducida; y patios internos que tendr\u00e1n espacios l\u00fadicos y juegos infantiles\u00bb, finaliz\u00f3 la funcionaria.<br><\/p>\n\n\n\n<h2 class=\"wp-block-heading\"><br><\/h2>\n","protected":false},"excerpt":{"rendered":"<p>En el departamento Rosario se est\u00e1n invirtiendo m\u00e1s de $80.000 millones en obras. La ministra de Infraestructura recorri\u00f3 obras en Fighiera y G\u00e1lvez. La ministra de Infraestructura, Servicios P\u00fablicos y H\u00e1bitat, Silvina Frana, recorri\u00f3 los avances de obras que se est\u00e1n ejecutando en el marco del programa integral de edificios educativos para el desarrollo y <a href=\"https:\/\/armstrongyregion.com.ar\/diario\/frana-recorrio-las-obras-del-programa-integral-de-edificios-educativos-para-el-desarrollo-y-cuidado-de-las-infancias\/\" title=\"Read more\" >&#8230;<\/a><\/p>\n","protected":false},"author":1,"featured_media":35257,"comment_status":"open","ping_status":"open","sticky":false,"template":"","format":"image","meta":{"_jetpack_memberships_contains_paid_content":false,"footnotes":"","jetpack_publicize_message":"","jetpack_publicize_feature_enabled":true,"jetpack_social_post_already_shared":true,"jetpack_social_options":{"image_generator_settings":{"template":"highway","default_image_id":0,"enabled":false},"version":2}},"categories":[8,1,2,7,3],"tags":[],"class_list":["post-35256","post","type-post","status-publish","format-image","has-post-thumbnail","hentry","category-deliberando","category-diario-armstrong","category-locales","category-politica","category-region","post_format-post-format-image"],"jetpack_publicize_connections":[],"jetpack_featured_media_url":"https:\/\/armstrongyregion.com.ar\/diario\/wp-content\/uploads\/2022\/07\/frana-obras-123.jpg","jetpack_shortlink":"https:\/\/wp.me\/p62QDO-9aE","jetpack_sharing_enabled":true,"amp_enabled":true,"_links":{"self":[{"href":"https:\/\/armstrongyregion.com.ar\/diario\/wp-json\/wp\/v2\/posts\/35256","targetHints":{"allow":["GET"]}}],"collection":[{"href":"https:\/\/armstrongyregion.com.ar\/diario\/wp-json\/wp\/v2\/posts"}],"about":[{"href":"https:\/\/armstrongyregion.com.ar\/diario\/wp-json\/wp\/v2\/types\/post"}],"author":[{"embeddable":true,"href":"https:\/\/armstrongyregion.com.ar\/diario\/wp-json\/wp\/v2\/users\/1"}],"replies":[{"embeddable":true,"href":"https:\/\/armstrongyregion.com.ar\/diario\/wp-json\/wp\/v2\/comments?post=35256"}],"version-history":[{"count":1,"href":"https:\/\/armstrongyregion.com.ar\/diario\/wp-json\/wp\/v2\/posts\/35256\/revisions"}],"predecessor-version":[{"id":35258,"href":"https:\/\/armstrongyregion.com.ar\/diario\/wp-json\/wp\/v2\/posts\/35256\/revisions\/35258"}],"wp:featuredmedia":[{"embeddable":true,"href":"https:\/\/armstrongyregion.com.ar\/diario\/wp-json\/wp\/v2\/media\/35257"}],"wp:attachment":[{"href":"https:\/\/armstrongyregion.com.ar\/diario\/wp-json\/wp\/v2\/media?parent=35256"}],"wp:term":[{"taxonomy":"category","embeddable":true,"href":"https:\/\/armstrongyregion.com.ar\/diario\/wp-json\/wp\/v2\/categories?post=35256"},{"taxonomy":"post_tag","embeddable":true,"href":"https:\/\/armstrongyregion.com.ar\/diario\/wp-json\/wp\/v2\/tags?post=35256"}],"curies":[{"name":"wp","href":"https:\/\/api.w.org\/{rel}","templated":true}]}}