{"id":35252,"date":"2022-07-29T01:54:12","date_gmt":"2022-07-29T01:54:12","guid":{"rendered":"https:\/\/armstrongyregion.com.ar\/diario\/?p=35252"},"modified":"2022-07-29T01:54:13","modified_gmt":"2022-07-29T01:54:13","slug":"el-senador-cornaglia-realizo-gestiones-ante-la-ministra-de-educacion-de-santa-fe","status":"publish","type":"post","link":"https:\/\/armstrongyregion.com.ar\/diario\/el-senador-cornaglia-realizo-gestiones-ante-la-ministra-de-educacion-de-santa-fe\/","title":{"rendered":"El Senador Cornaglia realiz\u00f3 gestiones ante la Ministra de Educaci\u00f3n de Santa Fe."},"content":{"rendered":"\n<figure class=\"wp-block-image size-large\"><img loading=\"lazy\" decoding=\"async\" width=\"438\" height=\"270\" src=\"http:\/\/armstrongyregion.com.ar\/diario\/wp-content\/uploads\/2022\/07\/GC-2022-07-28-Fb-Gesti\u00f3n-Educaci\u00f3n.jpg\" alt=\"\" class=\"wp-image-35253\" srcset=\"https:\/\/armstrongyregion.com.ar\/diario\/wp-content\/uploads\/2022\/07\/GC-2022-07-28-Fb-Gesti\u00f3n-Educaci\u00f3n.jpg 438w, https:\/\/armstrongyregion.com.ar\/diario\/wp-content\/uploads\/2022\/07\/GC-2022-07-28-Fb-Gesti\u00f3n-Educaci\u00f3n-300x185.jpg 300w\" sizes=\"auto, (max-width: 438px) 100vw, 438px\" \/><\/figure>\n\n\n\n<h2 class=\"wp-block-heading\"><strong>El legislador provincial retom\u00f3 el pedido de una Escuela de Enfermer\u00eda en Las Rosas, el nivel terciario agro t\u00e9cnico para la Escuela N\u00ba 1223 de Bouquet, la soluci\u00f3n a problemas edilicios en diferentes instituciones y la necesidad de generar cargos en escuelas p\u00fablicas y privadas del departamento Belgrano, entre otros temas.<\/strong><\/h2>\n\n\n\n<p>El senador provincial Guillermo Cornaglia se reuni\u00f3 con la ministra de Educaci\u00f3n de Santa Fe, Adriana Cantero, para transmitirle requerimientos y necesidades de escuelas del departamento Belgrano. Adem\u00e1s, entre los temas abordados en el encuentro, el legislador provincial retom\u00f3 la solicitud para la creaci\u00f3n de una Escuela de Enfermer\u00eda en Las Rosas y la posibilidad de concretar el nivel terciario de modalidad agro t\u00e9cnica en la Escuela N\u00ba 1223 \u201cManuel Belgrano\u201d, conocida com\u00fanmente como \u201cEl Semillero\u201d.<\/p>\n\n\n\n<p><em>\u201cLa reuni\u00f3n fue con agenda de trabajo amplia y abierta, lo que permiti\u00f3 que la ministra de Educaci\u00f3n pueda tomar nota de las distintas solicitudes que llevamos desde el departamento Belgrano\u201d<\/em>, manifest\u00f3 Guillermo Cornaglia. Algunos de los puntos abordados fueron los problemas edilicios existentes, el requerimiento de aportes econ\u00f3micos para las instituciones educativas y la necesidad de generar cargos tanto en escuelas p\u00fablicas como privadas.<br><\/p>\n\n\n\n<p>En relaci\u00f3n a la creaci\u00f3n de la Escuela de Enfermer\u00eda en Las Rosas, recordamos que en 2017 la C\u00e1mara de Senadores de Santa Fe aprob\u00f3 por unanimidad este proyecto presentado por Guillermo Cornaglia que tiene como objetivo la formaci\u00f3n de enfermeras y enfermeros para la conformaci\u00f3n de equipos de trabajo, satisfaciendo necesidades territoriales en el primer y segundo nivel de atenci\u00f3n.<br><\/p>\n\n\n\n<p>Con respecto a la propuesta del nivel terciario para la Escuela N\u00ba 1223 \u201cManuel Belgrano\u201d, conocida com\u00fanmente como \u201cEl Semillero\u201d, el senador Guillermo Cornaglia viene trabajando junto a la Comuna de Bouquet en el proyecto de revalorizar y lograr una instituci\u00f3n Agro T\u00e9cnica.&nbsp;<em>\u201cLa escuela cuenta con 300 hect\u00e1reas, siendo suficiente para poder capacitar y educar en una zona que la agricultura y la ganader\u00eda tienen gran importancia\u201d<\/em>, concluy\u00f3 el legislador por el departamento Belgrano.<\/p>\n","protected":false},"excerpt":{"rendered":"<p>El legislador provincial retom\u00f3 el pedido de una Escuela de Enfermer\u00eda en Las Rosas, el nivel terciario agro t\u00e9cnico para la Escuela N\u00ba 1223 de Bouquet, la soluci\u00f3n a problemas edilicios en diferentes instituciones y la necesidad de generar cargos en escuelas p\u00fablicas y privadas del departamento Belgrano, entre otros temas. El senador provincial Guillermo <a href=\"https:\/\/armstrongyregion.com.ar\/diario\/el-senador-cornaglia-realizo-gestiones-ante-la-ministra-de-educacion-de-santa-fe\/\" title=\"Read more\" >&#8230;<\/a><\/p>\n","protected":false},"author":1,"featured_media":35253,"comment_status":"open","ping_status":"open","sticky":false,"template":"","format":"image","meta":{"_jetpack_memberships_contains_paid_content":false,"footnotes":"","jetpack_publicize_message":"","jetpack_publicize_feature_enabled":true,"jetpack_social_post_already_shared":true,"jetpack_social_options":{"image_generator_settings":{"template":"highway","default_image_id":0,"enabled":false},"version":2}},"categories":[6,8,1,2,7,3],"tags":[],"class_list":["post-35252","post","type-post","status-publish","format-image","has-post-thumbnail","hentry","category-cultura-entretenimiento","category-deliberando","category-diario-armstrong","category-locales","category-politica","category-region","post_format-post-format-image"],"jetpack_publicize_connections":[],"jetpack_featured_media_url":"https:\/\/armstrongyregion.com.ar\/diario\/wp-content\/uploads\/2022\/07\/GC-2022-07-28-Fb-Gesti\u00f3n-Educaci\u00f3n.jpg","jetpack_shortlink":"https:\/\/wp.me\/p62QDO-9aA","jetpack_sharing_enabled":true,"amp_enabled":true,"_links":{"self":[{"href":"https:\/\/armstrongyregion.com.ar\/diario\/wp-json\/wp\/v2\/posts\/35252","targetHints":{"allow":["GET"]}}],"collection":[{"href":"https:\/\/armstrongyregion.com.ar\/diario\/wp-json\/wp\/v2\/posts"}],"about":[{"href":"https:\/\/armstrongyregion.com.ar\/diario\/wp-json\/wp\/v2\/types\/post"}],"author":[{"embeddable":true,"href":"https:\/\/armstrongyregion.com.ar\/diario\/wp-json\/wp\/v2\/users\/1"}],"replies":[{"embeddable":true,"href":"https:\/\/armstrongyregion.com.ar\/diario\/wp-json\/wp\/v2\/comments?post=35252"}],"version-history":[{"count":1,"href":"https:\/\/armstrongyregion.com.ar\/diario\/wp-json\/wp\/v2\/posts\/35252\/revisions"}],"predecessor-version":[{"id":35254,"href":"https:\/\/armstrongyregion.com.ar\/diario\/wp-json\/wp\/v2\/posts\/35252\/revisions\/35254"}],"wp:featuredmedia":[{"embeddable":true,"href":"https:\/\/armstrongyregion.com.ar\/diario\/wp-json\/wp\/v2\/media\/35253"}],"wp:attachment":[{"href":"https:\/\/armstrongyregion.com.ar\/diario\/wp-json\/wp\/v2\/media?parent=35252"}],"wp:term":[{"taxonomy":"category","embeddable":true,"href":"https:\/\/armstrongyregion.com.ar\/diario\/wp-json\/wp\/v2\/categories?post=35252"},{"taxonomy":"post_tag","embeddable":true,"href":"https:\/\/armstrongyregion.com.ar\/diario\/wp-json\/wp\/v2\/tags?post=35252"}],"curies":[{"name":"wp","href":"https:\/\/api.w.org\/{rel}","templated":true}]}}