{"id":35246,"date":"2022-07-29T01:45:51","date_gmt":"2022-07-29T01:45:51","guid":{"rendered":"https:\/\/armstrongyregion.com.ar\/diario\/?p=35246"},"modified":"2022-07-29T01:59:31","modified_gmt":"2022-07-29T01:59:31","slug":"un-vecino-fue-al-concejo-solicitando-informacion-sobre-el-traslado-de-la-cooperativa-agricola-del-area-urbana-de-la-ciudad","status":"publish","type":"post","link":"https:\/\/armstrongyregion.com.ar\/diario\/un-vecino-fue-al-concejo-solicitando-informacion-sobre-el-traslado-de-la-cooperativa-agricola-del-area-urbana-de-la-ciudad\/","title":{"rendered":"Un vecino fue al concejo solicitando informacion sobre el traslado de la Cooperativa Agricola del \u00e1rea urbana de la ciudad."},"content":{"rendered":"\n<figure class=\"wp-block-image size-large\"><img loading=\"lazy\" decoding=\"async\" width=\"640\" height=\"360\" src=\"http:\/\/armstrongyregion.com.ar\/diario\/wp-content\/uploads\/2022\/07\/Vecino-123-.jpg\" alt=\"\" class=\"wp-image-35247\" srcset=\"https:\/\/armstrongyregion.com.ar\/diario\/wp-content\/uploads\/2022\/07\/Vecino-123-.jpg 640w, https:\/\/armstrongyregion.com.ar\/diario\/wp-content\/uploads\/2022\/07\/Vecino-123--300x169.jpg 300w\" sizes=\"auto, (max-width: 640px) 100vw, 640px\" \/><\/figure>\n\n\n\n<p> En la ultima sesion ordinaria del concejo deliberante se acerco un vecino de la ciudad Sergio Venencia, quien en dialogo con los medios locales expres\u00f3; \u201cEn realidad hoy vine a buscar respuestas ya que yo ya me habia presentado aqu\u00ed, en el legislativo, en una sesi\u00f3n de comisi\u00f3n antes del receso de invierno y en primer termino soy vecino de la Cooperativa Agr\u00edcola Ganadera que esta en las inmediaciones del Bv. Per\u00f3n y calle Mart\u00ednez. Quisiera saber cuales son los tiempos de traslado de la planta de acopio del radio urbano de la ciudad\u201d<\/p>\n\n\n\n<figure class=\"wp-block-image size-large\"><img loading=\"lazy\" decoding=\"async\" width=\"575\" height=\"360\" src=\"http:\/\/armstrongyregion.com.ar\/diario\/wp-content\/uploads\/2022\/07\/vecino-1234-.jpg\" alt=\"\" class=\"wp-image-35250\" srcset=\"https:\/\/armstrongyregion.com.ar\/diario\/wp-content\/uploads\/2022\/07\/vecino-1234-.jpg 575w, https:\/\/armstrongyregion.com.ar\/diario\/wp-content\/uploads\/2022\/07\/vecino-1234--300x188.jpg 300w\" sizes=\"auto, (max-width: 575px) 100vw, 575px\" \/><\/figure>\n\n\n\n<p>Venencia a\u00f1adi\u00f3:\n\u201cYo soy un noble vecino y me encuentro con la situaci\u00f3n de que la\nplanta esta funcionando a pleno a sabiendas de que el polvillo\ningresa hasta el ultimo rincon de las viviendas  y lo mas relevante\nes nocivo para la salud\u201d.<\/p>\n\n\n\n<p>Siguiendo la misma\nlinea de discurso el vecino continu\u00f3: \u201cEn segunda instancia\ntambien hice mi reclamo sobre la basura que hay a la vera de la Ruta\n15, hace 30 dias, pero si ud. pasa hoy sigue de la misma manera, por\nun lado pienso en una cuestion de imagen y lo mas importante es la\ncuestion de saneamiento,  el municipio deberia de hacer hincapie en\nla limpieza. Segun lo que me dicen en el concejo esta basura cae de\nvolquetes privados por lo tanto deberian de aplicar las sanciones\ncorrespondientes. Finalmente hago el pedido o sugerencia de que se\nhaga una vereda en la zona del actual centro de vacunacion ahi en el\nSamco local\u201d<\/p>\n\n\n\n<p>Cuando los periodistas consultaron si se iba conforme con las respuestas que le brindaron en el recinto, Venencia dijo; \u201cDesde aqu\u00ed me han derivado a hacer reclamos en distintas areas o secretarias del municipio. Pero con respecto a la cooperativa desde el concejo me llevo un Ni rotundo. Yo soy nuevo en la ciudad y las plantas de acopio se han erradicado de los centros urbanos, yo pense que era un tema solucionado. No deber\u00edan de estar dentro de la ciudad  por todo lo que conlleva el mantenimiento de una semilla, fertilizantes, agroquimicos y demas. Y esto no es de ir en contra de una fuente laboral ni nada por el estilo. Pero que este fuera del area urbana es una cuestion de salud p\u00fablica\u201d.<\/p>\n","protected":false},"excerpt":{"rendered":"<p>En la ultima sesion ordinaria del concejo deliberante se acerco un vecino de la ciudad Sergio Venencia, quien en dialogo con los medios locales expres\u00f3; \u201cEn realidad hoy vine a buscar respuestas ya que yo ya me habia presentado aqu\u00ed, en el legislativo, en una sesi\u00f3n de comisi\u00f3n antes del receso de invierno y en <a href=\"https:\/\/armstrongyregion.com.ar\/diario\/un-vecino-fue-al-concejo-solicitando-informacion-sobre-el-traslado-de-la-cooperativa-agricola-del-area-urbana-de-la-ciudad\/\" title=\"Read more\" >&#8230;<\/a><\/p>\n","protected":false},"author":1,"featured_media":35248,"comment_status":"open","ping_status":"open","sticky":false,"template":"","format":"image","meta":{"_jetpack_memberships_contains_paid_content":false,"footnotes":"","jetpack_publicize_message":"","jetpack_publicize_feature_enabled":true,"jetpack_social_post_already_shared":true,"jetpack_social_options":{"image_generator_settings":{"template":"highway","default_image_id":0,"enabled":false},"version":2}},"categories":[8,1,2,7,3],"tags":[],"class_list":["post-35246","post","type-post","status-publish","format-image","has-post-thumbnail","hentry","category-deliberando","category-diario-armstrong","category-locales","category-politica","category-region","post_format-post-format-image"],"jetpack_publicize_connections":[],"jetpack_featured_media_url":"https:\/\/armstrongyregion.com.ar\/diario\/wp-content\/uploads\/2022\/07\/Vecino-123-1-1.jpg","jetpack_shortlink":"https:\/\/wp.me\/p62QDO-9au","jetpack_sharing_enabled":true,"amp_enabled":true,"_links":{"self":[{"href":"https:\/\/armstrongyregion.com.ar\/diario\/wp-json\/wp\/v2\/posts\/35246","targetHints":{"allow":["GET"]}}],"collection":[{"href":"https:\/\/armstrongyregion.com.ar\/diario\/wp-json\/wp\/v2\/posts"}],"about":[{"href":"https:\/\/armstrongyregion.com.ar\/diario\/wp-json\/wp\/v2\/types\/post"}],"author":[{"embeddable":true,"href":"https:\/\/armstrongyregion.com.ar\/diario\/wp-json\/wp\/v2\/users\/1"}],"replies":[{"embeddable":true,"href":"https:\/\/armstrongyregion.com.ar\/diario\/wp-json\/wp\/v2\/comments?post=35246"}],"version-history":[{"count":2,"href":"https:\/\/armstrongyregion.com.ar\/diario\/wp-json\/wp\/v2\/posts\/35246\/revisions"}],"predecessor-version":[{"id":35255,"href":"https:\/\/armstrongyregion.com.ar\/diario\/wp-json\/wp\/v2\/posts\/35246\/revisions\/35255"}],"wp:featuredmedia":[{"embeddable":true,"href":"https:\/\/armstrongyregion.com.ar\/diario\/wp-json\/wp\/v2\/media\/35248"}],"wp:attachment":[{"href":"https:\/\/armstrongyregion.com.ar\/diario\/wp-json\/wp\/v2\/media?parent=35246"}],"wp:term":[{"taxonomy":"category","embeddable":true,"href":"https:\/\/armstrongyregion.com.ar\/diario\/wp-json\/wp\/v2\/categories?post=35246"},{"taxonomy":"post_tag","embeddable":true,"href":"https:\/\/armstrongyregion.com.ar\/diario\/wp-json\/wp\/v2\/tags?post=35246"}],"curies":[{"name":"wp","href":"https:\/\/api.w.org\/{rel}","templated":true}]}}