{"id":35241,"date":"2022-07-28T22:33:05","date_gmt":"2022-07-28T22:33:05","guid":{"rendered":"https:\/\/armstrongyregion.com.ar\/diario\/?p=35241"},"modified":"2022-07-28T22:33:06","modified_gmt":"2022-07-28T22:33:06","slug":"el-bloque-de-renovacion-por-armstrong-solicita-la-colocacion-de-contenedores-individuales-en-zona-gastronomica-de-la-ciudad","status":"publish","type":"post","link":"https:\/\/armstrongyregion.com.ar\/diario\/el-bloque-de-renovacion-por-armstrong-solicita-la-colocacion-de-contenedores-individuales-en-zona-gastronomica-de-la-ciudad\/","title":{"rendered":"El Bloque de Renovaci\u00f3n por Armstrong solicita la colocaci\u00f3n de contenedores individuales en zona gastronomica de la ciudad."},"content":{"rendered":"\n<figure class=\"wp-block-image size-large\"><img loading=\"lazy\" decoding=\"async\" width=\"300\" height=\"356\" src=\"http:\/\/armstrongyregion.com.ar\/diario\/wp-content\/uploads\/2022\/04\/renovacion-armstrong.jpg\" alt=\"renovacion-armstrong\" class=\"wp-image-34090\" srcset=\"https:\/\/armstrongyregion.com.ar\/diario\/wp-content\/uploads\/2022\/04\/renovacion-armstrong.jpg 300w, https:\/\/armstrongyregion.com.ar\/diario\/wp-content\/uploads\/2022\/04\/renovacion-armstrong-253x300.jpg 253w\" sizes=\"auto, (max-width: 300px) 100vw, 300px\" \/><\/figure>\n\n\n\n<p> Al t\u00e9rmino de la sesi\u00f3n ordinaria  del pasado martes el concejal Emiliano Gramigna, expresaba: \u201cNosotros presentamos una minuta de comunicaci\u00f3n solicitando al ejecutivo la colocaci\u00f3n de contenedores individuales en zona gastron\u00f3mica y de producci\u00f3n de alimentos frescos. Esto se da no solamente por el reclamo de algunos comerciantes sino tambien por la situaci\u00f3n de que viene el verano y esta problem\u00e1tica se acrecienta al llegar el calor y justamente hay que promover que no se genere discordia entre vecinos\u201d.<\/p>\n\n\n\n<p>El edil a\u00f1adi\u00f3:\n\u201cTenemos que tratar de dar una solucion a una problem\u00e1tica tan\nimportante como es el tema de la basura\u201d.<\/p>\n\n\n\n<p>La minuta de comunicaci\u00f3n remarca la colocaci\u00f3n de contenedores en cercanias de bares y comedores de manera individual donde se tenga acceso mediante una llave a los comerciantes y otra a los recolectores. Esto har\u00eda mucho mas f\u00e1cil la tarea. De hecho en algunos lugares se ha implementado y ha dado muchos y buenos resultados.<\/p>\n","protected":false},"excerpt":{"rendered":"<p>Al t\u00e9rmino de la sesi\u00f3n ordinaria del pasado martes el concejal Emiliano Gramigna, expresaba: \u201cNosotros presentamos una minuta de comunicaci\u00f3n solicitando al ejecutivo la colocaci\u00f3n de contenedores individuales en zona gastron\u00f3mica y de producci\u00f3n de alimentos frescos. Esto se da no solamente por el reclamo de algunos comerciantes sino tambien por la situaci\u00f3n de que <a href=\"https:\/\/armstrongyregion.com.ar\/diario\/el-bloque-de-renovacion-por-armstrong-solicita-la-colocacion-de-contenedores-individuales-en-zona-gastronomica-de-la-ciudad\/\" title=\"Read more\" >&#8230;<\/a><\/p>\n","protected":false},"author":1,"featured_media":35157,"comment_status":"open","ping_status":"open","sticky":false,"template":"","format":"image","meta":{"_jetpack_memberships_contains_paid_content":false,"footnotes":"","jetpack_publicize_message":"","jetpack_publicize_feature_enabled":true,"jetpack_social_post_already_shared":true,"jetpack_social_options":{"image_generator_settings":{"template":"highway","default_image_id":0,"enabled":false},"version":2}},"categories":[8,1,2,7,3],"tags":[],"class_list":["post-35241","post","type-post","status-publish","format-image","has-post-thumbnail","hentry","category-deliberando","category-diario-armstrong","category-locales","category-politica","category-region","post_format-post-format-image"],"jetpack_publicize_connections":[],"jetpack_featured_media_url":"https:\/\/armstrongyregion.com.ar\/diario\/wp-content\/uploads\/2022\/07\/Emi-Gramigna-19-017-22-.jpg","jetpack_shortlink":"https:\/\/wp.me\/p62QDO-9ap","jetpack_sharing_enabled":true,"amp_enabled":true,"_links":{"self":[{"href":"https:\/\/armstrongyregion.com.ar\/diario\/wp-json\/wp\/v2\/posts\/35241","targetHints":{"allow":["GET"]}}],"collection":[{"href":"https:\/\/armstrongyregion.com.ar\/diario\/wp-json\/wp\/v2\/posts"}],"about":[{"href":"https:\/\/armstrongyregion.com.ar\/diario\/wp-json\/wp\/v2\/types\/post"}],"author":[{"embeddable":true,"href":"https:\/\/armstrongyregion.com.ar\/diario\/wp-json\/wp\/v2\/users\/1"}],"replies":[{"embeddable":true,"href":"https:\/\/armstrongyregion.com.ar\/diario\/wp-json\/wp\/v2\/comments?post=35241"}],"version-history":[{"count":1,"href":"https:\/\/armstrongyregion.com.ar\/diario\/wp-json\/wp\/v2\/posts\/35241\/revisions"}],"predecessor-version":[{"id":35242,"href":"https:\/\/armstrongyregion.com.ar\/diario\/wp-json\/wp\/v2\/posts\/35241\/revisions\/35242"}],"wp:featuredmedia":[{"embeddable":true,"href":"https:\/\/armstrongyregion.com.ar\/diario\/wp-json\/wp\/v2\/media\/35157"}],"wp:attachment":[{"href":"https:\/\/armstrongyregion.com.ar\/diario\/wp-json\/wp\/v2\/media?parent=35241"}],"wp:term":[{"taxonomy":"category","embeddable":true,"href":"https:\/\/armstrongyregion.com.ar\/diario\/wp-json\/wp\/v2\/categories?post=35241"},{"taxonomy":"post_tag","embeddable":true,"href":"https:\/\/armstrongyregion.com.ar\/diario\/wp-json\/wp\/v2\/tags?post=35241"}],"curies":[{"name":"wp","href":"https:\/\/api.w.org\/{rel}","templated":true}]}}