{"id":35238,"date":"2022-07-28T02:53:32","date_gmt":"2022-07-28T02:53:32","guid":{"rendered":"https:\/\/armstrongyregion.com.ar\/diario\/?p=35238"},"modified":"2022-07-28T02:53:33","modified_gmt":"2022-07-28T02:53:33","slug":"la-terminal-flexible-del-air-incorporara-2-mangas-y-ampliara-la-capacidad-en-las-salas-de-arribo-y-embarque","status":"publish","type":"post","link":"https:\/\/armstrongyregion.com.ar\/diario\/la-terminal-flexible-del-air-incorporara-2-mangas-y-ampliara-la-capacidad-en-las-salas-de-arribo-y-embarque\/","title":{"rendered":"La terminal flexible del AIR incorporar\u00e1 2 mangas y ampliar\u00e1 la capacidad en las salas de arribo y embarque."},"content":{"rendered":"\n<figure class=\"wp-block-image size-large\"><img loading=\"lazy\" decoding=\"async\" width=\"570\" height=\"320\" src=\"http:\/\/armstrongyregion.com.ar\/diario\/wp-content\/uploads\/2022\/07\/edu-romagnolli.jpg\" alt=\"\" class=\"wp-image-35239\" srcset=\"https:\/\/armstrongyregion.com.ar\/diario\/wp-content\/uploads\/2022\/07\/edu-romagnolli.jpg 570w, https:\/\/armstrongyregion.com.ar\/diario\/wp-content\/uploads\/2022\/07\/edu-romagnolli-300x168.jpg 300w\" sizes=\"auto, (max-width: 570px) 100vw, 570px\" \/><\/figure>\n\n\n\n<h2 class=\"wp-block-heading\"> Las obras, financiadas por el gobierno provincial, agilizar\u00e1n las operaciones, aumentar\u00e1n la capacidad del aeropuerto y mejorar\u00e1n la accesibilidad a personas con movilidad reducida. <\/h2>\n\n\n\n<p>\n\nEl presidente del Directorio del Aeropuerto Internacional Rosario (AIR), Eduardo Romagnoli, brind\u00f3 detalles del avance de obra en la terminal flexible de pasajeros que se est\u00e1 construyendo en el ala norte del aeropuerto. Fue en el marco de la recorrida que realizaron junto a los integrantes de la comisi\u00f3n asesora del ente.<\/p>\n\n\n\n<p>\u201cEn agosto de 2021 retomamos los trabajos, luego de una adecuaci\u00f3n del proyecto en la que se prioriz\u00f3 la posibilidad de operar con diferentes flexibilidades, para ajustarnos a los requerimientos y ordenamientos cambiantes que impuso la pandemia por Covid-19\u201d expres\u00f3 Romagnoli.<\/p>\n\n\n\n<p>Y agreg\u00f3: \u201cTrabajamos en una adaptaci\u00f3n econ\u00f3mica del financiamiento que realiza en su totalidad el gobierno de la provincia de Santa Fe y logramos optimizar los costos presentes de la obras y tambi\u00e9n los de mantenimiento a futuro ya que decidimos utilizar materiales nacionales\u201d.<\/p>\n\n\n\n<p>Otra demanda hist\u00f3rica a la que se dar\u00e1 respuesta con la nueva obra, es la instalaci\u00f3n de dos mangas que permitir\u00e1n a los pasajeros subir y bajar m\u00e1s c\u00f3modamente de los aviones, agilizando las operaciones y aumentando la capacidad del aeropuerto. Representan, adem\u00e1s, una mejora para las personas con movilidad reducida. En total, cuando la obra finalice en todas las etapas, se prev\u00e9 la instalaci\u00f3n de 4 mangas.<\/p>\n\n\n\n<p>El presidente del AIR indic\u00f3 que la actual remodelaci\u00f3n del proyecto permitir\u00e1 avanzar en diferentes etapas de trabajos y siempre manteniendo la posibilidad de expansi\u00f3n a futuro.<\/p>\n\n\n\n<p>La nueva construcci\u00f3n ser\u00e1 completamente funcional y de uso flexible para todos los tipos de vuelos (arribos y embarques internacionales, arribos y embarques dom\u00e9sticos). Adem\u00e1s, estar\u00e1 vinculada funcionalmente con la terminal existente.<\/p>\n\n\n\n<p><strong>DETALLES DE LA OBRA<\/strong><\/p>\n\n\n\n<p>La primera etapa de obra se enfocar\u00e1 en la construcci\u00f3n total de la estructura exterior y el cerramiento. En tanto en la parte interior, se trabajar\u00e1 sobre un sector de dos plantas donde funcionar\u00e1n las salas de arribo, embarque, servicios y las mangas.<\/p>\n\n\n\n<p>Habr\u00e1 un nuevo n\u00facleo de escaleras y ascensores al noroeste de la terminal existente, para vincular funcionalmente los movimientos de pasajeros entre la terminal existente y el nuevo edificio.<br><\/p>\n","protected":false},"excerpt":{"rendered":"<p>Las obras, financiadas por el gobierno provincial, agilizar\u00e1n las operaciones, aumentar\u00e1n la capacidad del aeropuerto y mejorar\u00e1n la accesibilidad a personas con movilidad reducida. El presidente del Directorio del Aeropuerto Internacional Rosario (AIR), Eduardo Romagnoli, brind\u00f3 detalles del avance de obra en la terminal flexible de pasajeros que se est\u00e1 construyendo en el ala norte <a href=\"https:\/\/armstrongyregion.com.ar\/diario\/la-terminal-flexible-del-air-incorporara-2-mangas-y-ampliara-la-capacidad-en-las-salas-de-arribo-y-embarque\/\" title=\"Read more\" >&#8230;<\/a><\/p>\n","protected":false},"author":1,"featured_media":35239,"comment_status":"open","ping_status":"open","sticky":false,"template":"","format":"image","meta":{"_jetpack_memberships_contains_paid_content":false,"footnotes":"","jetpack_publicize_message":"","jetpack_publicize_feature_enabled":true,"jetpack_social_post_already_shared":true,"jetpack_social_options":{"image_generator_settings":{"template":"highway","default_image_id":0,"enabled":false},"version":2}},"categories":[8,1,2,7,3],"tags":[],"class_list":["post-35238","post","type-post","status-publish","format-image","has-post-thumbnail","hentry","category-deliberando","category-diario-armstrong","category-locales","category-politica","category-region","post_format-post-format-image"],"jetpack_publicize_connections":[],"jetpack_featured_media_url":"https:\/\/armstrongyregion.com.ar\/diario\/wp-content\/uploads\/2022\/07\/edu-romagnolli.jpg","jetpack_shortlink":"https:\/\/wp.me\/p62QDO-9am","jetpack_sharing_enabled":true,"amp_enabled":true,"_links":{"self":[{"href":"https:\/\/armstrongyregion.com.ar\/diario\/wp-json\/wp\/v2\/posts\/35238","targetHints":{"allow":["GET"]}}],"collection":[{"href":"https:\/\/armstrongyregion.com.ar\/diario\/wp-json\/wp\/v2\/posts"}],"about":[{"href":"https:\/\/armstrongyregion.com.ar\/diario\/wp-json\/wp\/v2\/types\/post"}],"author":[{"embeddable":true,"href":"https:\/\/armstrongyregion.com.ar\/diario\/wp-json\/wp\/v2\/users\/1"}],"replies":[{"embeddable":true,"href":"https:\/\/armstrongyregion.com.ar\/diario\/wp-json\/wp\/v2\/comments?post=35238"}],"version-history":[{"count":1,"href":"https:\/\/armstrongyregion.com.ar\/diario\/wp-json\/wp\/v2\/posts\/35238\/revisions"}],"predecessor-version":[{"id":35240,"href":"https:\/\/armstrongyregion.com.ar\/diario\/wp-json\/wp\/v2\/posts\/35238\/revisions\/35240"}],"wp:featuredmedia":[{"embeddable":true,"href":"https:\/\/armstrongyregion.com.ar\/diario\/wp-json\/wp\/v2\/media\/35239"}],"wp:attachment":[{"href":"https:\/\/armstrongyregion.com.ar\/diario\/wp-json\/wp\/v2\/media?parent=35238"}],"wp:term":[{"taxonomy":"category","embeddable":true,"href":"https:\/\/armstrongyregion.com.ar\/diario\/wp-json\/wp\/v2\/categories?post=35238"},{"taxonomy":"post_tag","embeddable":true,"href":"https:\/\/armstrongyregion.com.ar\/diario\/wp-json\/wp\/v2\/tags?post=35238"}],"curies":[{"name":"wp","href":"https:\/\/api.w.org\/{rel}","templated":true}]}}