{"id":35230,"date":"2022-07-27T16:38:18","date_gmt":"2022-07-27T16:38:18","guid":{"rendered":"https:\/\/armstrongyregion.com.ar\/diario\/?p=35230"},"modified":"2022-07-27T16:38:19","modified_gmt":"2022-07-27T16:38:19","slug":"poder-real-por-ruben-eduardo-kelo-moreno","status":"publish","type":"post","link":"https:\/\/armstrongyregion.com.ar\/diario\/poder-real-por-ruben-eduardo-kelo-moreno\/","title":{"rendered":"Poder Real. Por Rub\u00e9n Eduardo Kelo Moreno."},"content":{"rendered":"\n<figure class=\"wp-block-image size-large\"><img loading=\"lazy\" decoding=\"async\" width=\"513\" height=\"640\" src=\"http:\/\/armstrongyregion.com.ar\/diario\/wp-content\/uploads\/2022\/07\/poder-real-quelo-.jpg\" alt=\"\" class=\"wp-image-35231\" srcset=\"https:\/\/armstrongyregion.com.ar\/diario\/wp-content\/uploads\/2022\/07\/poder-real-quelo-.jpg 513w, https:\/\/armstrongyregion.com.ar\/diario\/wp-content\/uploads\/2022\/07\/poder-real-quelo--240x300.jpg 240w\" sizes=\"auto, (max-width: 513px) 100vw, 513px\" \/><\/figure>\n\n\n\n<p>En estos d\u00edas se han observado contradicciones y confusiones pol\u00edticas,&nbsp;&nbsp;vino a la memoria una opini\u00f3n de&nbsp;&nbsp;Jos\u00e9&nbsp;&nbsp;Saramago (Premio Nobel de Literatura 1998)&nbsp;&nbsp;titulada Los miserables, haciendo referencia a la&nbsp;&nbsp;novela del poeta y escritor franc\u00e9s V\u00edctor Hugo publicada en 1862, donde relata la historia de un hombre que pas\u00f3 casi toda su vida en la c\u00e1rcel por haber robado un pan.<\/p>\n\n\n\n<p>&nbsp;Cuenta que al visitar Argentina en los tiempos del 2000 lo indigno ver&nbsp;&nbsp;gente pidiendo comida frente a la legislatura ,eran reprimidos y algunos encarcelados, hoy seguramente&nbsp;&nbsp;esos hijos y nietos siguen viviendo esa angustia sintiendo el desprecio por ser v\u00edctimas de un sistema sin miramientos cuyo fin, ayudado por los distintos Gobiernos siguen concentrando sus riquezas.<\/p>\n\n\n\n<p>&nbsp;Son insaciable e impunes, porque saben que en estos 39 a\u00f1os&nbsp;&nbsp;de la recuperaci\u00f3n de la democracia, la entrega de la pol\u00edtica a la econom\u00eda los transform\u00f3 en el&nbsp;<strong>poder real<\/strong>&nbsp;como suelen llamarlos justificando su inacci\u00f3n de no defender por incapacidad pol\u00edtica construido culturalmente a trav\u00e9s de los a\u00f1os .<\/p>\n\n\n\n<p>La liviandad con que se manejan por la falta de proyectos para las mayor\u00edas al no implementar pol\u00edticas de estado con acuerdos que cambien el sufrimientos que se sigue&nbsp;&nbsp;padeciendo; en estos tiempos hay un arco de personajes que se alejan de una convivencia democr\u00e1tica y menos a\u00fan de generar y acordar miradas para futuro.<\/p>\n\n\n\n<p>&nbsp;Entra en la l\u00f3gica del rev\u00e9s: se levantan los empachados de riquezas, cuya ansiedad generada por el desprecio los hace peligrosos para la salud social. Quieren quebrar el orden institucional, les molesta las urnas democr\u00e1ticas, nada&nbsp;&nbsp;les importa, son patriotas sin patria,&nbsp;&nbsp;utilizan la bandera flameando en el nombre de la libertad&nbsp;&nbsp;y la rep\u00fablica planificando violar la Constituci\u00f3n.<\/p>\n\n\n\n<p>&nbsp;Impresiona verlos perdido en tiempo y espacio, recorren los distintos medios bajando frases facilistas sin contenido l\u00f3gico desde donde se mire, ya se vivi\u00f3 esta situaci\u00f3n previo&nbsp;&nbsp;a lo que fue la dictadura c\u00edvico militar eclesi\u00e1stico donde se hablaba de corbatas de cedas mientras se planeaba ese modelo econ\u00f3mico que todav\u00eda se sigue sufriendo con esa matriz que trajo tanta tristeza y dolor.<\/p>\n\n\n\n<p>&nbsp;Aparecen personajes que se alzaron contra la democracia&nbsp;&nbsp;convocando a integrante de las fuerzas armadas; pero lo que m\u00e1s duele es ver a referentes y militantes con su sombra hist\u00f3rica cultural transmitido por varias generaciones su&nbsp;<strong>anti<\/strong>&nbsp;con lo popular que dicen pertenecer, ponen personajes hist\u00f3ricos nefastos que son repudiados y lo seguir\u00e1n siendo a trav\u00e9s de la historia y terminan justificando a estos militares que persiguieron y desaparecieron a 30.000 ,lo comparan con los malos pol\u00edticos y parece que lo terminan haciendo buenos, justificando as\u00ed la teor\u00eda de los dos demonios.&nbsp;&nbsp;(Son los confusos).<\/p>\n\n\n\n<p>&nbsp;Hay que&nbsp;&nbsp;estar alerta y no dejarse llevar por&nbsp;&nbsp;estas nuevas pr\u00e1cticas que solo tienen un objetivo:&nbsp;<strong>que el poder real se convierta en legal asaltando la democracia<\/strong>. No se debe cambiar&nbsp;&nbsp;ideolog\u00edas cegados por el odio lastimando&nbsp;&nbsp;al otro con la palabra o&nbsp;&nbsp;f\u00edsicamente,&nbsp;&nbsp;es solo otro humano conviviendo en lugares comunes&nbsp;&nbsp;con otros pensamientos.-<\/p>\n","protected":false},"excerpt":{"rendered":"<p>En estos d\u00edas se han observado contradicciones y confusiones pol\u00edticas,&nbsp;&nbsp;vino a la memoria una opini\u00f3n de&nbsp;&nbsp;Jos\u00e9&nbsp;&nbsp;Saramago (Premio Nobel de Literatura 1998)&nbsp;&nbsp;titulada Los miserables, haciendo referencia a la&nbsp;&nbsp;novela del poeta y escritor franc\u00e9s V\u00edctor Hugo publicada en 1862, donde relata la historia de un hombre que pas\u00f3 casi toda su vida en la c\u00e1rcel por haber <a href=\"https:\/\/armstrongyregion.com.ar\/diario\/poder-real-por-ruben-eduardo-kelo-moreno\/\" title=\"Read more\" >&#8230;<\/a><\/p>\n","protected":false},"author":1,"featured_media":35231,"comment_status":"open","ping_status":"open","sticky":false,"template":"","format":"image","meta":{"_jetpack_memberships_contains_paid_content":false,"footnotes":"","jetpack_publicize_message":"","jetpack_publicize_feature_enabled":true,"jetpack_social_post_already_shared":true,"jetpack_social_options":{"image_generator_settings":{"template":"highway","default_image_id":0,"enabled":false},"version":2}},"categories":[8,1,7],"tags":[],"class_list":["post-35230","post","type-post","status-publish","format-image","has-post-thumbnail","hentry","category-deliberando","category-diario-armstrong","category-politica","post_format-post-format-image"],"jetpack_publicize_connections":[],"jetpack_featured_media_url":"https:\/\/armstrongyregion.com.ar\/diario\/wp-content\/uploads\/2022\/07\/poder-real-quelo-.jpg","jetpack_shortlink":"https:\/\/wp.me\/p62QDO-9ae","jetpack_sharing_enabled":true,"amp_enabled":true,"_links":{"self":[{"href":"https:\/\/armstrongyregion.com.ar\/diario\/wp-json\/wp\/v2\/posts\/35230","targetHints":{"allow":["GET"]}}],"collection":[{"href":"https:\/\/armstrongyregion.com.ar\/diario\/wp-json\/wp\/v2\/posts"}],"about":[{"href":"https:\/\/armstrongyregion.com.ar\/diario\/wp-json\/wp\/v2\/types\/post"}],"author":[{"embeddable":true,"href":"https:\/\/armstrongyregion.com.ar\/diario\/wp-json\/wp\/v2\/users\/1"}],"replies":[{"embeddable":true,"href":"https:\/\/armstrongyregion.com.ar\/diario\/wp-json\/wp\/v2\/comments?post=35230"}],"version-history":[{"count":1,"href":"https:\/\/armstrongyregion.com.ar\/diario\/wp-json\/wp\/v2\/posts\/35230\/revisions"}],"predecessor-version":[{"id":35232,"href":"https:\/\/armstrongyregion.com.ar\/diario\/wp-json\/wp\/v2\/posts\/35230\/revisions\/35232"}],"wp:featuredmedia":[{"embeddable":true,"href":"https:\/\/armstrongyregion.com.ar\/diario\/wp-json\/wp\/v2\/media\/35231"}],"wp:attachment":[{"href":"https:\/\/armstrongyregion.com.ar\/diario\/wp-json\/wp\/v2\/media?parent=35230"}],"wp:term":[{"taxonomy":"category","embeddable":true,"href":"https:\/\/armstrongyregion.com.ar\/diario\/wp-json\/wp\/v2\/categories?post=35230"},{"taxonomy":"post_tag","embeddable":true,"href":"https:\/\/armstrongyregion.com.ar\/diario\/wp-json\/wp\/v2\/tags?post=35230"}],"curies":[{"name":"wp","href":"https:\/\/api.w.org\/{rel}","templated":true}]}}