{"id":35227,"date":"2022-07-27T16:34:48","date_gmt":"2022-07-27T16:34:48","guid":{"rendered":"https:\/\/armstrongyregion.com.ar\/diario\/?p=35227"},"modified":"2022-07-27T16:34:49","modified_gmt":"2022-07-27T16:34:49","slug":"el-hospital-san-jose-digitalizara-su-sistema-de-imagenes","status":"publish","type":"post","link":"https:\/\/armstrongyregion.com.ar\/diario\/el-hospital-san-jose-digitalizara-su-sistema-de-imagenes\/","title":{"rendered":"El Hospital San Jos\u00e9 digitalizar\u00e1 su sistema de im\u00e1genes."},"content":{"rendered":"\n<figure class=\"wp-block-image size-large\"><img loading=\"lazy\" decoding=\"async\" width=\"400\" height=\"273\" src=\"http:\/\/armstrongyregion.com.ar\/diario\/wp-content\/uploads\/2022\/07\/san-jose-.jpg\" alt=\"\" class=\"wp-image-35228\" srcset=\"https:\/\/armstrongyregion.com.ar\/diario\/wp-content\/uploads\/2022\/07\/san-jose-.jpg 400w, https:\/\/armstrongyregion.com.ar\/diario\/wp-content\/uploads\/2022\/07\/san-jose--300x205.jpg 300w\" sizes=\"auto, (max-width: 400px) 100vw, 400px\" \/><\/figure>\n\n\n\n<p>El director provincial del Hospital San Jos\u00e9, Dr. Gonzalo Rodr\u00edguez, junto a la intendenta Stella Cl\u00e9rici anunci\u00f3 que, el Ministerio de Salud de Santa Fe aprob\u00f3 el financiamiento para que desde la administraci\u00f3n del efector se realice el llamado a licitaci\u00f3n destinado a la compra de software y equipo de digitalizaci\u00f3n de im\u00e1genes radiol\u00f3gicas y mamogr\u00e1ficas.<\/p>\n\n\n\n<p>De esta manera, acompa\u00f1ado por el representante del Estado, Estanislao Rosso y la jefa de Administraci\u00f3n, Julieta Martini, Rodr\u00edguez subray\u00f3 que \u201cconcretamos un importante avance para brindar una mejor calidad de atenci\u00f3n a los pacientes, con mayor precisi\u00f3n, velocidad y eficiencias en los servicios que prestamos a diario desde la salud p\u00fablica\u201d.<\/p>\n\n\n\n<p>\u201cEl trabajo conjunto entre Hospital, Municipio y gobierno provincial significa ir concretando proyectos\u201d, valor\u00f3 Cl\u00e9rici, haciendo referencia a la digitalizaci\u00f3n y tambi\u00e9n al avance de la obra de puesta en valor de la ex maternidad, que estar\u00e1 finalizada para el 7 de octubre en el marco de la celebraci\u00f3n del centenario de la ciudad.<\/p>\n\n\n\n<p>Por su parte, Martini inform\u00f3 que esta semana comenzar\u00e1 a llevarse a cabo el proceso licitatorio para la adquisici\u00f3n del software y equipamiento correspondiente. \u201cComo trabajadora es algo que ven\u00edamos solicitando desde hace mucho tiempo e implica un gran crecimiento como efector p\u00fablico\u201d, destac\u00f3.<\/p>\n\n\n\n<p>\u201cEs algo hist\u00f3rico que est\u00e1bamos gestionando y lo podemos hacer realidad gracias al permanente acompa\u00f1amiento del gobernador Omar Perotti, la ministra de Salud Sonia Martorano y su equipo\u201d, agreg\u00f3 Rodr\u00edguez. En tanto, Estanislao Rosso agreg\u00f3 que \u201cel proceso de licitaci\u00f3n se realizar\u00e1 desde el Hospital a partir de la adjudicaci\u00f3n de los fondos por parte del gobierno provincial\u201d.<\/p>\n\n\n\n<p>La digitalizaci\u00f3n de im\u00e1genes obtenida por el efector consiste en poder visualizar desde cualquier equipo un estudio realizado, y que las im\u00e1genes sean vistas internamente en red desde el puesto de cada profesional y los pacientes tambi\u00e9n puedan llevarlas consigo. \u201cDe este modo, se consigue un gran salto en calidad para la salud p\u00fablica local y regional\u201d, concluyeron.<\/p>\n","protected":false},"excerpt":{"rendered":"<p>El director provincial del Hospital San Jos\u00e9, Dr. Gonzalo Rodr\u00edguez, junto a la intendenta Stella Cl\u00e9rici anunci\u00f3 que, el Ministerio de Salud de Santa Fe aprob\u00f3 el financiamiento para que desde la administraci\u00f3n del efector se realice el llamado a licitaci\u00f3n destinado a la compra de software y equipo de digitalizaci\u00f3n de im\u00e1genes radiol\u00f3gicas y <a href=\"https:\/\/armstrongyregion.com.ar\/diario\/el-hospital-san-jose-digitalizara-su-sistema-de-imagenes\/\" title=\"Read more\" >&#8230;<\/a><\/p>\n","protected":false},"author":1,"featured_media":35228,"comment_status":"open","ping_status":"open","sticky":false,"template":"","format":"image","meta":{"_jetpack_memberships_contains_paid_content":false,"footnotes":"","jetpack_publicize_message":"","jetpack_publicize_feature_enabled":true,"jetpack_social_post_already_shared":true,"jetpack_social_options":{"image_generator_settings":{"template":"highway","default_image_id":0,"enabled":false},"version":2}},"categories":[6,8,1,2,7,3],"tags":[],"class_list":["post-35227","post","type-post","status-publish","format-image","has-post-thumbnail","hentry","category-cultura-entretenimiento","category-deliberando","category-diario-armstrong","category-locales","category-politica","category-region","post_format-post-format-image"],"jetpack_publicize_connections":[],"jetpack_featured_media_url":"https:\/\/armstrongyregion.com.ar\/diario\/wp-content\/uploads\/2022\/07\/san-jose-.jpg","jetpack_shortlink":"https:\/\/wp.me\/p62QDO-9ab","jetpack_sharing_enabled":true,"amp_enabled":true,"_links":{"self":[{"href":"https:\/\/armstrongyregion.com.ar\/diario\/wp-json\/wp\/v2\/posts\/35227","targetHints":{"allow":["GET"]}}],"collection":[{"href":"https:\/\/armstrongyregion.com.ar\/diario\/wp-json\/wp\/v2\/posts"}],"about":[{"href":"https:\/\/armstrongyregion.com.ar\/diario\/wp-json\/wp\/v2\/types\/post"}],"author":[{"embeddable":true,"href":"https:\/\/armstrongyregion.com.ar\/diario\/wp-json\/wp\/v2\/users\/1"}],"replies":[{"embeddable":true,"href":"https:\/\/armstrongyregion.com.ar\/diario\/wp-json\/wp\/v2\/comments?post=35227"}],"version-history":[{"count":1,"href":"https:\/\/armstrongyregion.com.ar\/diario\/wp-json\/wp\/v2\/posts\/35227\/revisions"}],"predecessor-version":[{"id":35229,"href":"https:\/\/armstrongyregion.com.ar\/diario\/wp-json\/wp\/v2\/posts\/35227\/revisions\/35229"}],"wp:featuredmedia":[{"embeddable":true,"href":"https:\/\/armstrongyregion.com.ar\/diario\/wp-json\/wp\/v2\/media\/35228"}],"wp:attachment":[{"href":"https:\/\/armstrongyregion.com.ar\/diario\/wp-json\/wp\/v2\/media?parent=35227"}],"wp:term":[{"taxonomy":"category","embeddable":true,"href":"https:\/\/armstrongyregion.com.ar\/diario\/wp-json\/wp\/v2\/categories?post=35227"},{"taxonomy":"post_tag","embeddable":true,"href":"https:\/\/armstrongyregion.com.ar\/diario\/wp-json\/wp\/v2\/tags?post=35227"}],"curies":[{"name":"wp","href":"https:\/\/api.w.org\/{rel}","templated":true}]}}