{"id":35224,"date":"2022-07-27T16:28:30","date_gmt":"2022-07-27T16:28:30","guid":{"rendered":"https:\/\/armstrongyregion.com.ar\/diario\/?p=35224"},"modified":"2022-07-27T16:28:32","modified_gmt":"2022-07-27T16:28:32","slug":"la-provincia-fue-premiada-en-europa-por-la-gestion-de-la-salud-en-pandemia","status":"publish","type":"post","link":"https:\/\/armstrongyregion.com.ar\/diario\/la-provincia-fue-premiada-en-europa-por-la-gestion-de-la-salud-en-pandemia\/","title":{"rendered":"La provincia fue premiada en Europa por la gesti\u00f3n de la Salud en pandemia."},"content":{"rendered":"\n<figure class=\"wp-block-image size-large\"><img loading=\"lazy\" decoding=\"async\" width=\"570\" height=\"320\" src=\"http:\/\/armstrongyregion.com.ar\/diario\/wp-content\/uploads\/2022\/07\/salud-pcia-premiada.jpg\" alt=\"\" class=\"wp-image-35225\" srcset=\"https:\/\/armstrongyregion.com.ar\/diario\/wp-content\/uploads\/2022\/07\/salud-pcia-premiada.jpg 570w, https:\/\/armstrongyregion.com.ar\/diario\/wp-content\/uploads\/2022\/07\/salud-pcia-premiada-300x168.jpg 300w\" sizes=\"auto, (max-width: 570px) 100vw, 570px\" \/><\/figure>\n\n\n\n<h2 class=\"wp-block-heading\"> El reconocimiento se dio\u00a0en el Seminario de L\u00edderes Latinoamericanos de Salud de la Universidad brit\u00e1nica de Oxford. <\/h2>\n\n\n\n<p>El gobierno de la provincia, a trav\u00e9s del Ministerio de Salud, obtuvo el primer premio en el Seminario de L\u00edderes Latinoamericanos de Salud en Harris Manchester College, Universidad de Oxford, Gran Breta\u00f1a.<\/p>\n\n\n\n<p>El reconocimiento se di\u00f3 en el curso \u201cGestionando la Innovaci\u00f3n, Aprendizajes de la pandemia en Inglaterra y Am\u00e9rica Latina\u201d. Esta presentaci\u00f3n brind\u00f3 conocimiento adem\u00e1s sobre el Sistema de Salud Brit\u00e1nico y las reformas que est\u00e1n realizando con el objetivo de bajar costos integrando servicios sociales y de salud.<\/p>\n\n\n\n<p>Al respecto, la ministra de Salud, Sonia Martorano, expres\u00f3: \u201cParticipamos de un seminario muy interesante basado en lecciones y aprendizaje de pandemia pero por sobre todas las cosas como se trabaj\u00f3 en innovaci\u00f3n, creatividad y una agenda planteada a futuro porque todos los sistemas, incluso en el Reino Unido, est\u00e1n planteando cambios ante las fortalezas y debilidades que se visibilizaron durante la pandemia\u201d.<\/p>\n\n\n\n<p>\u201cEn nuestro caso presentamos un trabajo en el workshop sobre la tem\u00e1tica gestionando pandemia en un sistema de salud fragmentado, como lo es el argentino, y se present\u00f3 tambi\u00e9n la experiencia en residencias de adultos mayores. Pasamos la primera instancia donde se eligieron los mejores tres trabajos y es as\u00ed que en el \u00faltimo d\u00eda tuvimos que exponer ante el jurado y participantes la tem\u00e1tica seleccionada\u201d, continu\u00f3.<\/p>\n\n\n\n<p>Asimismo, la titular de la cartera sanitaria indic\u00f3 que \u201cfue muy bien vista la creatividad utilizada en la gesti\u00f3n, la flexibilidad y el compromiso pero por sobre todo el trabajo gestionando pandemia en un sistema de salud fragmentado. Este ten\u00eda eje en la articulaci\u00f3n que se hizo en la provincia entre los sistemas p\u00fablico y privado y la participaci\u00f3n permanente y comprometida de la mesa de expertos d\u00f3nde participaron tambi\u00e9n reconocidos infect\u00f3logos, colegios de profesionales y las universidades\u201d.<\/p>\n\n\n\n<p>\u201cEste punto de trabajo en equipo y de compromiso de todas las partes con una fuerte gobernanza -agreg\u00f3 la funcionaria- fue uno de los puntos centrales y a partir de all\u00ed se continu\u00f3 con las residencias de mayores d\u00f3nde comentamos c\u00f3mo se trabaj\u00f3 en geolocalizaci\u00f3n y georeferencia, clasificando por riesgo las 436 residencias y los buenos resultados obtenidos a partir de las medidas que implementamos que ten\u00eda m\u00e1s que ver con creatividad que con costo real. El resultado final en cuanto a las residencias es que ninguna fue evacuada, tuvimos solamente un 20% que se contagi\u00f3 y un 4% que falleci\u00f3\u201d.<\/p>\n\n\n\n<p>Finalmente, la ministra de Salud mencion\u00f3 que \u201cen este contexto de la instancia final de trabajos seleccionados, el de la provincia de Santa Fe fue electo con el primer premio. Esto nos enorgullece, nos compromete a trabajar cada d\u00eda m\u00e1s y mejor para nuestra gente pero por sobre todo es un agradecimiento a todos los que trabajaron en forma conjunta desinteresada y generosa en esta pandemia articulando constantemente con el Ministerio de Salud y el gobierno de la provincia\u201d.<\/p>\n\n\n\n<p>\u201cEs un reconocimiento a un gobierno y a un gobernador que confiaron en su sistema de salud, apostaron a la salud y que tuvo una mirada amplia, permitiendo escuchar todas las voces y generando los cambios y medidas siempre en un marco de consenso, escucha y de confianza entre las partes\u201d, concluy\u00f3 Martorano.<br><\/p>\n","protected":false},"excerpt":{"rendered":"<p>El reconocimiento se dio\u00a0en el Seminario de L\u00edderes Latinoamericanos de Salud de la Universidad brit\u00e1nica de Oxford. El gobierno de la provincia, a trav\u00e9s del Ministerio de Salud, obtuvo el primer premio en el Seminario de L\u00edderes Latinoamericanos de Salud en Harris Manchester College, Universidad de Oxford, Gran Breta\u00f1a. El reconocimiento se di\u00f3 en el <a href=\"https:\/\/armstrongyregion.com.ar\/diario\/la-provincia-fue-premiada-en-europa-por-la-gestion-de-la-salud-en-pandemia\/\" title=\"Read more\" >&#8230;<\/a><\/p>\n","protected":false},"author":1,"featured_media":35225,"comment_status":"open","ping_status":"open","sticky":false,"template":"","format":"image","meta":{"_jetpack_memberships_contains_paid_content":false,"footnotes":"","jetpack_publicize_message":"","jetpack_publicize_feature_enabled":true,"jetpack_social_post_already_shared":true,"jetpack_social_options":{"image_generator_settings":{"template":"highway","default_image_id":0,"enabled":false},"version":2}},"categories":[8,1,2,7,4,3],"tags":[],"class_list":["post-35224","post","type-post","status-publish","format-image","has-post-thumbnail","hentry","category-deliberando","category-diario-armstrong","category-locales","category-politica","category-prevencion-salud","category-region","post_format-post-format-image"],"jetpack_publicize_connections":[],"jetpack_featured_media_url":"https:\/\/armstrongyregion.com.ar\/diario\/wp-content\/uploads\/2022\/07\/salud-pcia-premiada.jpg","jetpack_shortlink":"https:\/\/wp.me\/p62QDO-9a8","jetpack_sharing_enabled":true,"amp_enabled":true,"_links":{"self":[{"href":"https:\/\/armstrongyregion.com.ar\/diario\/wp-json\/wp\/v2\/posts\/35224","targetHints":{"allow":["GET"]}}],"collection":[{"href":"https:\/\/armstrongyregion.com.ar\/diario\/wp-json\/wp\/v2\/posts"}],"about":[{"href":"https:\/\/armstrongyregion.com.ar\/diario\/wp-json\/wp\/v2\/types\/post"}],"author":[{"embeddable":true,"href":"https:\/\/armstrongyregion.com.ar\/diario\/wp-json\/wp\/v2\/users\/1"}],"replies":[{"embeddable":true,"href":"https:\/\/armstrongyregion.com.ar\/diario\/wp-json\/wp\/v2\/comments?post=35224"}],"version-history":[{"count":1,"href":"https:\/\/armstrongyregion.com.ar\/diario\/wp-json\/wp\/v2\/posts\/35224\/revisions"}],"predecessor-version":[{"id":35226,"href":"https:\/\/armstrongyregion.com.ar\/diario\/wp-json\/wp\/v2\/posts\/35224\/revisions\/35226"}],"wp:featuredmedia":[{"embeddable":true,"href":"https:\/\/armstrongyregion.com.ar\/diario\/wp-json\/wp\/v2\/media\/35225"}],"wp:attachment":[{"href":"https:\/\/armstrongyregion.com.ar\/diario\/wp-json\/wp\/v2\/media?parent=35224"}],"wp:term":[{"taxonomy":"category","embeddable":true,"href":"https:\/\/armstrongyregion.com.ar\/diario\/wp-json\/wp\/v2\/categories?post=35224"},{"taxonomy":"post_tag","embeddable":true,"href":"https:\/\/armstrongyregion.com.ar\/diario\/wp-json\/wp\/v2\/tags?post=35224"}],"curies":[{"name":"wp","href":"https:\/\/api.w.org\/{rel}","templated":true}]}}