{"id":352,"date":"2015-01-08T20:52:56","date_gmt":"2015-01-08T20:52:56","guid":{"rendered":"https:\/\/armstrongyregion.com.ar\/diario\/?p=352"},"modified":"2015-01-08T22:07:19","modified_gmt":"2015-01-08T22:07:19","slug":"carcarana-conflicto-entre-el-ejecutivo-y-los-trabajadores","status":"publish","type":"post","link":"https:\/\/armstrongyregion.com.ar\/diario\/carcarana-conflicto-entre-el-ejecutivo-y-los-trabajadores\/","title":{"rendered":"Carcara\u00f1\u00e1. Conflicto entre el ejecutivo y los trabajadores."},"content":{"rendered":"<p><a href=\"http:\/\/armstrongyregion.com.ar\/diario\/wp-content\/uploads\/2015\/01\/Paro-carca.jpg\"><img loading=\"lazy\" decoding=\"async\" class=\"alignnone size-medium wp-image-354\" src=\"http:\/\/armstrongyregion.com.ar\/diario\/wp-content\/uploads\/2015\/01\/Paro-carca-300x155.jpg\" alt=\"Paro carca\" width=\"300\" height=\"155\" srcset=\"https:\/\/armstrongyregion.com.ar\/diario\/wp-content\/uploads\/2015\/01\/Paro-carca-300x155.jpg 300w, https:\/\/armstrongyregion.com.ar\/diario\/wp-content\/uploads\/2015\/01\/Paro-carca.jpg 618w\" sizes=\"auto, (max-width: 300px) 100vw, 300px\" \/><\/a>Desde las primeras horas del jueves, los trabajadores Municipales de la ciudad de Carcara\u00f1\u00e1, nucleados en FESTRAM, est\u00e1n realizando medidas de fuerzas con paro y permanencia sin permitir el ingreso a Parque Sarmiento, reclamando la retribuci\u00f3n salarial que dispuso el gobierno provincial.<br \/>\nLa palabra de \u00c1ngel Tomasetti, Secretario del Sindicato de Trabajadores Municipales.<\/p>\n<p>\u201cHemos tomado \u00e9sta decisi\u00f3n para que todos los trabajadores municipales puedan cobrar \u00e9sta suma. El Sindicato dispuso acompa\u00f1ar \u00e9ste reclamo. Estamos esperando la respuesta del Ejecutivo\u201d, se\u00f1al\u00f3 \u00c1ngel Tomasetti.<\/p>\n<p>Y continu\u00f3: \u201cEn cuanto a la gente que pensaba disfrutar el Parque Sarmiento el fin de semana, le pedimos que no vengan hasta tanto se solucione el conflicto. Debemos pensar en \u00e9stas 60 familias y desde ya le pedimos disculpas al turista\u201d.<\/p>\n<p>Por otro lado la Municipalidad de Carcara\u00f1\u00e1 a trav\u00e9s de su oficina de Prensa emiti\u00f3 un comunicado a toda la poblaci\u00f3n explicando su postura ante el conflicto. Textualmente expresa lo siguiente:<\/p>\n<p>Informe del Ejecutivo Municipal<\/p>\n<p>Cuadro de situaci\u00f3n<\/p>\n<p>En la ma\u00f1ana de este d\u00eda jueves 8 de Enero, el Secretario del Sindicato de Trabajadores Municipales, Angel Tomasetti, anunciaba con el estruendo de varias Bombas el inicio de una medida de fuerza.<\/p>\n<p>El motivo manifestado que intentan justificar la medida de fuerza es el NO pago del remanente Bono adicional otorgado para Fin de A\u00f1o.<\/p>\n<p>La Municipalidad de Carcara\u00f1\u00e1, con un gran sacrificio econ\u00f3mico ha cancelado en tiempo y forma como marca la Ley el Sueldo del mes de Diciembre, habiendo cancelado la semana anterior el Sueldo Anual Complementario y la primera entrega del Bono de Fin de A\u00f1o de $ 1700 pesos.<\/p>\n<p>Esta situaci\u00f3n de presi\u00f3n excesiva no deja dimensionar el valeroso esfuerzo del ejecutivo de haber destinado los escasos recursos en cancelar las obligaciones salariales y por eso no considera oportuno el reclamo efectuado por la falta de pago de la segunda cuota de $ 1000 por empleado siendo que se propuso la cancelaci\u00f3n para la semana entrante, contando con recursos genuinos del Centro de Recreaci\u00f3n y Turismo Parque Sarmiento.<\/p>\n<p>La decisi\u00f3n de paro de actividades, el desacato a la prohibici\u00f3n de tirar bombas, tiene su punto m\u00e1s irritable de discordia cuando el Secretario del gremio Municipal Angel Tomasetti, dispuso que la protesta se realice frente al Parque Sarmiento, impidiendo el Ingreso de los Turistas que intentaban vacacionar en Carcara\u00f1\u00e1, perjudicando incluso el alojamiento de las delegaciones que nos visitaban con motivo del Encuentro Latinoamericano a realizarse este fin de semana.<\/p>\n<p>El Intendente Municipal y el Ejecutivo en su conjunto, repudian estas acciones que buscan la discordia permanente sin la m\u00e1s minima expresi\u00f3n de voluntad de soluci\u00f3n de los conflictos.<\/p>\n","protected":false},"excerpt":{"rendered":"<p>Desde las primeras horas del jueves, los trabajadores Municipales de la ciudad de Carcara\u00f1\u00e1, nucleados en FESTRAM, est\u00e1n realizando medidas de fuerzas con paro y permanencia sin permitir el ingreso a Parque Sarmiento, reclamando la retribuci\u00f3n salarial que dispuso el gobierno provincial. La palabra de \u00c1ngel Tomasetti, Secretario del Sindicato de Trabajadores Municipales. \u201cHemos tomado <a href=\"https:\/\/armstrongyregion.com.ar\/diario\/carcarana-conflicto-entre-el-ejecutivo-y-los-trabajadores\/\" title=\"Read more\" >&#8230;<\/a><\/p>\n","protected":false},"author":2,"featured_media":354,"comment_status":"open","ping_status":"open","sticky":false,"template":"","format":"standard","meta":{"_jetpack_memberships_contains_paid_content":false,"footnotes":"","jetpack_publicize_message":"","jetpack_publicize_feature_enabled":true,"jetpack_social_post_already_shared":false,"jetpack_social_options":{"image_generator_settings":{"template":"highway","default_image_id":0,"enabled":false},"version":2}},"categories":[1,3],"tags":[354,355,357,16,356,42,358,13],"class_list":["post-352","post","type-post","status-publish","format-standard","has-post-thumbnail","hentry","category-diario-armstrong","category-region","tag-carcarana","tag-conflicto","tag-ejecutivo","tag-el","tag-entre","tag-los","tag-trabajadores","tag-y"],"jetpack_publicize_connections":[],"jetpack_featured_media_url":"https:\/\/armstrongyregion.com.ar\/diario\/wp-content\/uploads\/2015\/01\/Paro-carca.jpg","jetpack_shortlink":"https:\/\/wp.me\/p62QDO-5G","jetpack_sharing_enabled":true,"amp_enabled":true,"_links":{"self":[{"href":"https:\/\/armstrongyregion.com.ar\/diario\/wp-json\/wp\/v2\/posts\/352","targetHints":{"allow":["GET"]}}],"collection":[{"href":"https:\/\/armstrongyregion.com.ar\/diario\/wp-json\/wp\/v2\/posts"}],"about":[{"href":"https:\/\/armstrongyregion.com.ar\/diario\/wp-json\/wp\/v2\/types\/post"}],"author":[{"embeddable":true,"href":"https:\/\/armstrongyregion.com.ar\/diario\/wp-json\/wp\/v2\/users\/2"}],"replies":[{"embeddable":true,"href":"https:\/\/armstrongyregion.com.ar\/diario\/wp-json\/wp\/v2\/comments?post=352"}],"version-history":[{"count":0,"href":"https:\/\/armstrongyregion.com.ar\/diario\/wp-json\/wp\/v2\/posts\/352\/revisions"}],"wp:featuredmedia":[{"embeddable":true,"href":"https:\/\/armstrongyregion.com.ar\/diario\/wp-json\/wp\/v2\/media\/354"}],"wp:attachment":[{"href":"https:\/\/armstrongyregion.com.ar\/diario\/wp-json\/wp\/v2\/media?parent=352"}],"wp:term":[{"taxonomy":"category","embeddable":true,"href":"https:\/\/armstrongyregion.com.ar\/diario\/wp-json\/wp\/v2\/categories?post=352"},{"taxonomy":"post_tag","embeddable":true,"href":"https:\/\/armstrongyregion.com.ar\/diario\/wp-json\/wp\/v2\/tags?post=352"}],"curies":[{"name":"wp","href":"https:\/\/api.w.org\/{rel}","templated":true}]}}