{"id":3518,"date":"2015-08-10T03:10:53","date_gmt":"2015-08-10T03:10:53","guid":{"rendered":"https:\/\/armstrongyregion.com.ar\/diario\/?p=3518"},"modified":"2015-08-10T03:10:53","modified_gmt":"2015-08-10T03:10:53","slug":"enfermedad-de-alzheimer-y-demencia-por-dr-adriel-barrios","status":"publish","type":"post","link":"https:\/\/armstrongyregion.com.ar\/diario\/enfermedad-de-alzheimer-y-demencia-por-dr-adriel-barrios\/","title":{"rendered":"Enfermedad de Alzheimer y  Demencia. Por Dr. Adriel Barrios."},"content":{"rendered":"<p><a href=\"http:\/\/armstrongyregion.com.ar\/diario\/wp-content\/uploads\/2015\/08\/DSC_0098.jpg\"><img loading=\"lazy\" decoding=\"async\" class=\"alignnone size-medium wp-image-3519\" src=\"http:\/\/armstrongyregion.com.ar\/diario\/wp-content\/uploads\/2015\/08\/DSC_0098-300x200.jpg\" alt=\"Dr.Adriel-Barrios-Neurologo-Armstrong-Region-\" width=\"300\" height=\"200\" srcset=\"https:\/\/armstrongyregion.com.ar\/diario\/wp-content\/uploads\/2015\/08\/DSC_0098-300x200.jpg 300w, https:\/\/armstrongyregion.com.ar\/diario\/wp-content\/uploads\/2015\/08\/DSC_0098-1024x683.jpg 1024w\" sizes=\"auto, (max-width: 300px) 100vw, 300px\" \/><\/a>Muchas personas recientemente diagnosticadas con la enfermedad de Alzheimer pueden haber sentido por alg\u00fan tiempo que \u00abalgo no est\u00e1 bien.\u00bb Puede ser que se han vuelto m\u00e1s olvidadizas, que f\u00e1cilmente se desorientan, tienen lapsos inesperados en el juicio, o experimentan cambios inusuales de humor y emociones. Estos pueden ser signos tempranos de demencia, pero tambi\u00e9n pueden ser signos de depresi\u00f3n u otras afecciones tratables. Adem\u00e1s, algunas demencias son causadas por la deshidrataci\u00f3n, reacciones farmacol\u00f3gicas, hipotiroidismo, infecci\u00f3n u otros problemas f\u00edsicos y pueden revertirse. Un m\u00e9dico, a trav\u00e9s de una examen completo, puede descartar otras condiciones similares, como parecidos a los s\u00edntomas de Alzheimer.<\/p>\n<p>Algunos s\u00edntomas tempranos de la enfermedad de Alzheimer incluyen confusi\u00f3n, disturbios en la memoria de corto plazo, problemas con la atenci\u00f3n y la orientaci\u00f3n espacial, cambios de personalidad, dificultades de lenguaje y cambios de humor inexplicables.<\/p>\n<p>Las tres etapas que figuran a continuaci\u00f3n representan la progresi\u00f3n general de la enfermedad. Sin embargo, la enfermedad de Alzheimer no afecta a todos de la misma manera, por lo que estos s\u00edntomas var\u00edan en gravedad y cronolog\u00eda. Habr\u00e1 fluctuaciones, incluso a diario, y superposici\u00f3n de los s\u00edntomas. Algunas personas experimentan muchos s\u00edntomas, otras s\u00f3lo unos pocos, pero el progreso general de la enfermedad es bastante predecible. En promedio, las personas con Alzheimer viven de 8 a 10 a\u00f1os despu\u00e9s del diagn\u00f3stico, pero esta enfermedad terminal puede durar hasta por 20 a\u00f1os.<\/p>\n<p>En todas las etapas, los s\u00edntomas generalmente se relacionan con el deterioro progresivo de los procesos mentales y la funci\u00f3n de la memoria, problemas de comunicaci\u00f3n, cambios de personalidad, conducta err\u00e1tica, la dependencia y la p\u00e9rdida de control sobre las funciones corporales.<\/p>\n<p>Fuente. Dr. Cristian Adriel Barrios. Neur\u00f3logo.<\/p>\n<p>Programa Televisivo \u201cPrevenci\u00f3n y Salud\u201d. Estreno Lunes 13,30hs. Reiteraci\u00f3n Jueves 20hs y S\u00e1bados 12,30hs. CableImagenArmstrong.<\/p>\n<p>Colsecor TV Cooperativa. Mi\u00e9rcoles 12hs.<\/p>\n","protected":false},"excerpt":{"rendered":"<p>Muchas personas recientemente diagnosticadas con la enfermedad de Alzheimer pueden haber sentido por alg\u00fan tiempo que \u00abalgo no est\u00e1 bien.\u00bb Puede ser que se han vuelto m\u00e1s olvidadizas, que f\u00e1cilmente se desorientan, tienen lapsos inesperados en el juicio, o experimentan cambios inusuales de humor y emociones. Estos pueden ser signos tempranos de demencia, pero tambi\u00e9n <a href=\"https:\/\/armstrongyregion.com.ar\/diario\/enfermedad-de-alzheimer-y-demencia-por-dr-adriel-barrios\/\" title=\"Read more\" >&#8230;<\/a><\/p>\n","protected":false},"author":2,"featured_media":3519,"comment_status":"open","ping_status":"open","sticky":false,"template":"","format":"standard","meta":{"_jetpack_memberships_contains_paid_content":false,"footnotes":"","jetpack_publicize_message":"","jetpack_publicize_feature_enabled":true,"jetpack_social_post_already_shared":false,"jetpack_social_options":{"image_generator_settings":{"template":"highway","default_image_id":0,"enabled":false},"version":2}},"categories":[1,2,4],"tags":[2488,2486,1013,19,2487,1191,2485,60,13],"class_list":["post-3518","post","type-post","status-publish","format-standard","has-post-thumbnail","hentry","category-diario-armstrong","category-locales","category-prevencion-salud","tag-adriel","tag-alzheimer","tag-barrios","tag-de","tag-demencia","tag-dr","tag-enfermedad","tag-por","tag-y"],"jetpack_publicize_connections":[],"jetpack_featured_media_url":"https:\/\/armstrongyregion.com.ar\/diario\/wp-content\/uploads\/2015\/08\/DSC_0098.jpg","jetpack_shortlink":"https:\/\/wp.me\/p62QDO-UK","jetpack_sharing_enabled":true,"amp_enabled":true,"_links":{"self":[{"href":"https:\/\/armstrongyregion.com.ar\/diario\/wp-json\/wp\/v2\/posts\/3518","targetHints":{"allow":["GET"]}}],"collection":[{"href":"https:\/\/armstrongyregion.com.ar\/diario\/wp-json\/wp\/v2\/posts"}],"about":[{"href":"https:\/\/armstrongyregion.com.ar\/diario\/wp-json\/wp\/v2\/types\/post"}],"author":[{"embeddable":true,"href":"https:\/\/armstrongyregion.com.ar\/diario\/wp-json\/wp\/v2\/users\/2"}],"replies":[{"embeddable":true,"href":"https:\/\/armstrongyregion.com.ar\/diario\/wp-json\/wp\/v2\/comments?post=3518"}],"version-history":[{"count":0,"href":"https:\/\/armstrongyregion.com.ar\/diario\/wp-json\/wp\/v2\/posts\/3518\/revisions"}],"wp:featuredmedia":[{"embeddable":true,"href":"https:\/\/armstrongyregion.com.ar\/diario\/wp-json\/wp\/v2\/media\/3519"}],"wp:attachment":[{"href":"https:\/\/armstrongyregion.com.ar\/diario\/wp-json\/wp\/v2\/media?parent=3518"}],"wp:term":[{"taxonomy":"category","embeddable":true,"href":"https:\/\/armstrongyregion.com.ar\/diario\/wp-json\/wp\/v2\/categories?post=3518"},{"taxonomy":"post_tag","embeddable":true,"href":"https:\/\/armstrongyregion.com.ar\/diario\/wp-json\/wp\/v2\/tags?post=3518"}],"curies":[{"name":"wp","href":"https:\/\/api.w.org\/{rel}","templated":true}]}}