{"id":35178,"date":"2022-07-22T14:03:57","date_gmt":"2022-07-22T14:03:57","guid":{"rendered":"https:\/\/armstrongyregion.com.ar\/diario\/?p=35178"},"modified":"2022-07-22T14:03:58","modified_gmt":"2022-07-22T14:03:58","slug":"clara-garcia-con-lavagna-y-salvia-la-crisis-economica-requiere-medidas-urgentes","status":"publish","type":"post","link":"https:\/\/armstrongyregion.com.ar\/diario\/clara-garcia-con-lavagna-y-salvia-la-crisis-economica-requiere-medidas-urgentes\/","title":{"rendered":"Clara Garc\u00eda con Lavagna y Salvia: \u00abLa crisis econ\u00f3mica requiere medidas urgentes\u00bb."},"content":{"rendered":"\n<figure class=\"wp-block-image size-large\"><img loading=\"lazy\" decoding=\"async\" width=\"611\" height=\"397\" src=\"http:\/\/armstrongyregion.com.ar\/diario\/wp-content\/uploads\/2022\/07\/clarita-lavagna-.jpg\" alt=\"\" class=\"wp-image-35179\" srcset=\"https:\/\/armstrongyregion.com.ar\/diario\/wp-content\/uploads\/2022\/07\/clarita-lavagna-.jpg 611w, https:\/\/armstrongyregion.com.ar\/diario\/wp-content\/uploads\/2022\/07\/clarita-lavagna--300x195.jpg 300w\" sizes=\"auto, (max-width: 611px) 100vw, 611px\" \/><\/figure>\n\n\n\n<h2 class=\"wp-block-heading\"> La diputada provincial mantuvo encuentros en CABA con el exministro de Econom\u00eda Roberto Lavagna y el titular del Observatorio Social de la UCA, Agust\u00edn Salvia. <\/h2>\n\n\n\n<p> En medio de la crisis econ\u00f3mica y social que atraviesa la Argentina y que se profundiza d\u00eda a dia, la diputada provincial Clara Garc\u00eda mantuvo reuniones con el ex ministro de Econom\u00eda Roberto Lavagna y con el director del Observatorio de la Deuda Social de la Universidad Cat\u00f3lica Argentina (UCA), Agust\u00edn Salvia, ambas en la Ciudad Aut\u00f3noma de Buenos Aires (CABA), para analizar la situaci\u00f3n y dise\u00f1ar alternativas de cara al futuro.<\/p>\n\n\n\n<figure class=\"wp-block-image size-large\"><img loading=\"lazy\" decoding=\"async\" width=\"800\" height=\"527\" src=\"http:\/\/armstrongyregion.com.ar\/diario\/wp-content\/uploads\/2022\/07\/clarita-salvia-.jpg\" alt=\"\" class=\"wp-image-35180\" srcset=\"https:\/\/armstrongyregion.com.ar\/diario\/wp-content\/uploads\/2022\/07\/clarita-salvia-.jpg 800w, https:\/\/armstrongyregion.com.ar\/diario\/wp-content\/uploads\/2022\/07\/clarita-salvia--300x198.jpg 300w, https:\/\/armstrongyregion.com.ar\/diario\/wp-content\/uploads\/2022\/07\/clarita-salvia--768x506.jpg 768w\" sizes=\"auto, (max-width: 800px) 100vw, 800px\" \/><\/figure>\n\n\n\n<p><br>\u201cFueron distintos encuentros que tuvieron como denominador com\u00fan el an\u00e1lisis de la situaci\u00f3n cr\u00edtica que atraviesa el pa\u00eds. Son momentos que demandan\u00a0 responsabilidad y prudencia, pero tambi\u00e9n un fuerte compromiso para definir pol\u00edticas distintas que nos permitan salir de esta par\u00e1lisis y trazar una perspectiva a futuro\u201d, se\u00f1al\u00f3 la legisladora.<br>\u201cCon Lavagna y sus equipos t\u00e9cnicos acordamos una agenda de trabajo para los programas de gobierno que estamos elaborando para la provincia de Santa Fe\u201d, expres\u00f3 por un lado Garc\u00eda, quien fue recibida por el economista acompa\u00f1ada por los diputados provinciales Joaqu\u00edn Blanco y Lionella Cattalini. Tambi\u00e9n particip\u00f3 el legislador nacional Alejandro \u00abTopo\u00bb Rodr\u00edguez.<br>La legisladora, quien viene recorriendo la provincia dialogando con el sector productivo y del trabajo santafesino, afirm\u00f3: \u201cEstamos en un momento cr\u00edtico de la Argentina que necesita urgentemente frenar la aceleraci\u00f3n inflacionaria y calmar el mercado de cambios para terminar con la incertidumbre\u201d.\u00a0<br>En este sentido, se refiri\u00f3 a las dificultades que padecen actualmente muchas pymes, que \u201cse les dificulta producir porque por insuficiente combustible o energ\u00eda, falta de materias primas o alguna pieza importada, aunque sea m\u00ednima, y esa importaci\u00f3n est\u00e1 cerrada o no les autorizan los d\u00f3lares para girar al exterior\u201d.<br>\u201cEstamos en contacto con los distintos sectores productivos de la provincia y escuchamos los problemas que enfrentan a diario, con un gobierno nacional que est\u00e1 encerrado en su interna pol\u00edtica y no resuelve ninguna de estas situaciones, empezando por un nivel de inflaci\u00f3n que ya no permite el normal funcionamiento de ning\u00fan rubro\u201d, a\u00f1adi\u00f3 Garc\u00eda.<br>En cuanto al encuentro con Salvia, la legisladora remarc\u00f3 \u201cla mirada sobre la necesidad de una agenda progresista de reformas estructurales y de pol\u00edticas acordes a esa agenda. Esa fue la raz\u00f3n por la que lo convocamos para que desde el Observatorio auditara la implementaci\u00f3n del Plan Abre, una pol\u00edtica social integral que se llev\u00f3 adelante en las principales ciudades de nuestra provincia desde 2013 a 2019. Fue desmantelada por el gobernador (Omar) Perotti apenas asumi\u00f3, lo mismo que los programas Nueva Oportunidad y Vuelvo a Estudiar, sin que fueran reemplazados por ninguna otra iniciativa con ese alcance\u201d, cuestion\u00f3 Garc\u00eda.\u00a0<br>\u201cHoy, con niveles pobreza cercanos al 40%, esos programas son a\u00fan m\u00e1s imprescindibles que a\u00f1os atr\u00e1s porque la pandemia provoc\u00f3 que muchos chicos y chicas abandonaran la secundaria, y la educaci\u00f3n es sin dudas una de las principales pol\u00edticas sociales para que podamos incorporar a los j\u00f3venes en situaci\u00f3n de pobreza al trabajo formal. En Santa Fe ya lo hicimos con el Nueva Oportunidad tambi\u00e9n\u201d, insisti\u00f3. <\/p>\n","protected":false},"excerpt":{"rendered":"<p>La diputada provincial mantuvo encuentros en CABA con el exministro de Econom\u00eda Roberto Lavagna y el titular del Observatorio Social de la UCA, Agust\u00edn Salvia. En medio de la crisis econ\u00f3mica y social que atraviesa la Argentina y que se profundiza d\u00eda a dia, la diputada provincial Clara Garc\u00eda mantuvo reuniones con el ex ministro <a href=\"https:\/\/armstrongyregion.com.ar\/diario\/clara-garcia-con-lavagna-y-salvia-la-crisis-economica-requiere-medidas-urgentes\/\" title=\"Read more\" >&#8230;<\/a><\/p>\n","protected":false},"author":1,"featured_media":35179,"comment_status":"open","ping_status":"open","sticky":false,"template":"","format":"image","meta":{"_jetpack_memberships_contains_paid_content":false,"footnotes":"","jetpack_publicize_message":"","jetpack_publicize_feature_enabled":true,"jetpack_social_post_already_shared":true,"jetpack_social_options":{"image_generator_settings":{"template":"highway","default_image_id":0,"enabled":false},"version":2}},"categories":[8,1,2,7,3],"tags":[],"class_list":["post-35178","post","type-post","status-publish","format-image","has-post-thumbnail","hentry","category-deliberando","category-diario-armstrong","category-locales","category-politica","category-region","post_format-post-format-image"],"jetpack_publicize_connections":[],"jetpack_featured_media_url":"https:\/\/armstrongyregion.com.ar\/diario\/wp-content\/uploads\/2022\/07\/clarita-lavagna-.jpg","jetpack_shortlink":"https:\/\/wp.me\/p62QDO-99o","jetpack_sharing_enabled":true,"amp_enabled":true,"_links":{"self":[{"href":"https:\/\/armstrongyregion.com.ar\/diario\/wp-json\/wp\/v2\/posts\/35178","targetHints":{"allow":["GET"]}}],"collection":[{"href":"https:\/\/armstrongyregion.com.ar\/diario\/wp-json\/wp\/v2\/posts"}],"about":[{"href":"https:\/\/armstrongyregion.com.ar\/diario\/wp-json\/wp\/v2\/types\/post"}],"author":[{"embeddable":true,"href":"https:\/\/armstrongyregion.com.ar\/diario\/wp-json\/wp\/v2\/users\/1"}],"replies":[{"embeddable":true,"href":"https:\/\/armstrongyregion.com.ar\/diario\/wp-json\/wp\/v2\/comments?post=35178"}],"version-history":[{"count":1,"href":"https:\/\/armstrongyregion.com.ar\/diario\/wp-json\/wp\/v2\/posts\/35178\/revisions"}],"predecessor-version":[{"id":35181,"href":"https:\/\/armstrongyregion.com.ar\/diario\/wp-json\/wp\/v2\/posts\/35178\/revisions\/35181"}],"wp:featuredmedia":[{"embeddable":true,"href":"https:\/\/armstrongyregion.com.ar\/diario\/wp-json\/wp\/v2\/media\/35179"}],"wp:attachment":[{"href":"https:\/\/armstrongyregion.com.ar\/diario\/wp-json\/wp\/v2\/media?parent=35178"}],"wp:term":[{"taxonomy":"category","embeddable":true,"href":"https:\/\/armstrongyregion.com.ar\/diario\/wp-json\/wp\/v2\/categories?post=35178"},{"taxonomy":"post_tag","embeddable":true,"href":"https:\/\/armstrongyregion.com.ar\/diario\/wp-json\/wp\/v2\/tags?post=35178"}],"curies":[{"name":"wp","href":"https:\/\/api.w.org\/{rel}","templated":true}]}}