{"id":35175,"date":"2022-07-22T13:58:46","date_gmt":"2022-07-22T13:58:46","guid":{"rendered":"https:\/\/armstrongyregion.com.ar\/diario\/?p=35175"},"modified":"2022-07-22T13:58:47","modified_gmt":"2022-07-22T13:58:47","slug":"canada-asumio-la-coordinacion-de-la-red-federal-de-juventudes-de-la-federacion-argentina-de-municipios-en-santa-fe","status":"publish","type":"post","link":"https:\/\/armstrongyregion.com.ar\/diario\/canada-asumio-la-coordinacion-de-la-red-federal-de-juventudes-de-la-federacion-argentina-de-municipios-en-santa-fe\/","title":{"rendered":"Ca\u00f1ada asumi\u00f3 la coordinaci\u00f3n de la red federal de juventudes de la federaci\u00f3n argentina de municipios en Santa Fe."},"content":{"rendered":"\n<figure class=\"wp-block-image size-large\"><img loading=\"lazy\" decoding=\"async\" width=\"400\" height=\"300\" src=\"http:\/\/armstrongyregion.com.ar\/diario\/wp-content\/uploads\/2022\/07\/Gaspar-Provera-.jpg\" alt=\"\" class=\"wp-image-35176\" srcset=\"https:\/\/armstrongyregion.com.ar\/diario\/wp-content\/uploads\/2022\/07\/Gaspar-Provera-.jpg 400w, https:\/\/armstrongyregion.com.ar\/diario\/wp-content\/uploads\/2022\/07\/Gaspar-Provera--300x225.jpg 300w\" sizes=\"auto, (max-width: 400px) 100vw, 400px\" \/><\/figure>\n\n\n\n<p> Durante el \u00faltimo encuentro de la Federaci\u00f3n Argentina de Municipios en Santiago del Estero se cre\u00f3 la Red Federal de Juventudes, y en ese marco en representaci\u00f3n de la Municipalidad de Ca\u00f1ada de G\u00f3mez, Gaspar Provera fue nombrado coordinador de la Red en la Regi\u00f3n Centro Argentina.<br>El objetivo de la Red Federal de Juventudes es crear un espacio que impulse y fortalezca la articulaci\u00f3n entre j\u00f3venes de todas las \u00e1reas municipales del pa\u00eds. \u201cFormar parte de este espacio nos permite trabajar de manera conjunta y crear proyectos, programas y actividades para j\u00f3venes con tem\u00e1ticas relacionadas a la cultura, educaci\u00f3n, deporte, perspectiva de g\u00e9nero, introducci\u00f3n en la econom\u00eda del conocimiento y medioambientales\u201d, explic\u00f3 Gaspar Provera. <\/p>\n","protected":false},"excerpt":{"rendered":"<p>Durante el \u00faltimo encuentro de la Federaci\u00f3n Argentina de Municipios en Santiago del Estero se cre\u00f3 la Red Federal de Juventudes, y en ese marco en representaci\u00f3n de la Municipalidad de Ca\u00f1ada de G\u00f3mez, Gaspar Provera fue nombrado coordinador de la Red en la Regi\u00f3n Centro Argentina.El objetivo de la Red Federal de Juventudes es <a href=\"https:\/\/armstrongyregion.com.ar\/diario\/canada-asumio-la-coordinacion-de-la-red-federal-de-juventudes-de-la-federacion-argentina-de-municipios-en-santa-fe\/\" title=\"Read more\" >&#8230;<\/a><\/p>\n","protected":false},"author":1,"featured_media":35176,"comment_status":"open","ping_status":"open","sticky":false,"template":"","format":"image","meta":{"_jetpack_memberships_contains_paid_content":false,"footnotes":"","jetpack_publicize_message":"","jetpack_publicize_feature_enabled":true,"jetpack_social_post_already_shared":true,"jetpack_social_options":{"image_generator_settings":{"template":"highway","default_image_id":0,"enabled":false},"version":2}},"categories":[8,1,2,7,3],"tags":[],"class_list":["post-35175","post","type-post","status-publish","format-image","has-post-thumbnail","hentry","category-deliberando","category-diario-armstrong","category-locales","category-politica","category-region","post_format-post-format-image"],"jetpack_publicize_connections":[],"jetpack_featured_media_url":"https:\/\/armstrongyregion.com.ar\/diario\/wp-content\/uploads\/2022\/07\/Gaspar-Provera-.jpg","jetpack_shortlink":"https:\/\/wp.me\/p62QDO-99l","jetpack_sharing_enabled":true,"amp_enabled":true,"_links":{"self":[{"href":"https:\/\/armstrongyregion.com.ar\/diario\/wp-json\/wp\/v2\/posts\/35175","targetHints":{"allow":["GET"]}}],"collection":[{"href":"https:\/\/armstrongyregion.com.ar\/diario\/wp-json\/wp\/v2\/posts"}],"about":[{"href":"https:\/\/armstrongyregion.com.ar\/diario\/wp-json\/wp\/v2\/types\/post"}],"author":[{"embeddable":true,"href":"https:\/\/armstrongyregion.com.ar\/diario\/wp-json\/wp\/v2\/users\/1"}],"replies":[{"embeddable":true,"href":"https:\/\/armstrongyregion.com.ar\/diario\/wp-json\/wp\/v2\/comments?post=35175"}],"version-history":[{"count":1,"href":"https:\/\/armstrongyregion.com.ar\/diario\/wp-json\/wp\/v2\/posts\/35175\/revisions"}],"predecessor-version":[{"id":35177,"href":"https:\/\/armstrongyregion.com.ar\/diario\/wp-json\/wp\/v2\/posts\/35175\/revisions\/35177"}],"wp:featuredmedia":[{"embeddable":true,"href":"https:\/\/armstrongyregion.com.ar\/diario\/wp-json\/wp\/v2\/media\/35176"}],"wp:attachment":[{"href":"https:\/\/armstrongyregion.com.ar\/diario\/wp-json\/wp\/v2\/media?parent=35175"}],"wp:term":[{"taxonomy":"category","embeddable":true,"href":"https:\/\/armstrongyregion.com.ar\/diario\/wp-json\/wp\/v2\/categories?post=35175"},{"taxonomy":"post_tag","embeddable":true,"href":"https:\/\/armstrongyregion.com.ar\/diario\/wp-json\/wp\/v2\/tags?post=35175"}],"curies":[{"name":"wp","href":"https:\/\/api.w.org\/{rel}","templated":true}]}}