{"id":35146,"date":"2022-07-18T20:46:27","date_gmt":"2022-07-18T20:46:27","guid":{"rendered":"https:\/\/armstrongyregion.com.ar\/diario\/?p=35146"},"modified":"2022-07-18T20:46:27","modified_gmt":"2022-07-18T20:46:27","slug":"municipales-ratificaron-paro-de-jueves-y-viernes-proximo","status":"publish","type":"post","link":"https:\/\/armstrongyregion.com.ar\/diario\/municipales-ratificaron-paro-de-jueves-y-viernes-proximo\/","title":{"rendered":"Municipales Ratificaron PARO de Jueves y Viernes Pr\u00f3ximo."},"content":{"rendered":"\n<figure class=\"wp-block-image size-large\"><img loading=\"lazy\" decoding=\"async\" width=\"800\" height=\"450\" src=\"http:\/\/armstrongyregion.com.ar\/diario\/wp-content\/uploads\/2022\/07\/festram-cortes-ruta.jpg\" alt=\"\" class=\"wp-image-35147\" srcset=\"https:\/\/armstrongyregion.com.ar\/diario\/wp-content\/uploads\/2022\/07\/festram-cortes-ruta.jpg 800w, https:\/\/armstrongyregion.com.ar\/diario\/wp-content\/uploads\/2022\/07\/festram-cortes-ruta-300x169.jpg 300w, https:\/\/armstrongyregion.com.ar\/diario\/wp-content\/uploads\/2022\/07\/festram-cortes-ruta-768x432.jpg 768w\" sizes=\"auto, (max-width: 800px) 100vw, 800px\" \/><\/figure>\n\n\n\n<p><strong>Paro de 24 hs y cortes de ruta en toda la Provincia. \u201cLa solidaridad se demuestra en la calle\u201d, sostuvieron desde Festram<\/strong><\/p>\n\n\n\n<p><strong>MUNICIPALES DE SANTA FE SE RATIFICARON EL PARO DE JUEVES Y VIERNES PR\u00d3XIMOS SI NO SE CONVOCA NUEVAMENTE A PARITARIAS<\/strong>.<\/p>\n\n\n\n<p>Con un paro de 24 hs y 8 lugares de cortes de ruta a lo largo y ancho de la Provincia, la Federaci\u00f3n de Trabajadores Municipales de Santa Fe (Festram), ha puesto en evidencia la actitud del gobierno provincial de coartar la convocatoria a la paritaria municipal.<\/p>\n\n\n\n<p>\u201cHemos hecho referencia ya, a que numerosos Intendentes y Presidentes Comunales deseaban retomar el marco de negociaci\u00f3n y que cuando se estaba avanzando en ello, los funcionarios provinciales desactivaron una reuni\u00f3n donde se pensaba avanzar de forma concreta en un adelanto de los porcentajes ya acordados oportunamente\u201d, indicaron desde la entidad gremial<\/p>\n\n\n\n<p>\u201cReiteramos qu\u00e9 de no convocarse a la paritaria de forma urgente\u201d, se ratifica el paro por 48 horas para los d\u00edas 21 y 22 de pr\u00f3ximos<\/p>\n\n\n\n<p>\u201cNo estamos discutiendo frente a una Provincia y Municipios\/Comunas desfinanciados como ocurriera en otras \u00e9pocas; hacemos referencia concreta a la actitud del Gobernador Omar Perotti que siempre tensa la cuerda, dilata las resoluciones y respalda actitudes violatorias a los derechos de los trabajadoras y trabajadores\u201d, plantearon desde la Festram<\/p>\n\n\n\n<p>Asimismo, agregaron: \u201cParece que no se entiende la gravedad de la situaci\u00f3n, donde como ya se advirtiera tenemos trabajadores\/as bajo la l\u00ednea de pobreza, aun estando registrados y que el hambre golpea a miles de familias santafesinas, aunque los n\u00fameros de la macroeconom\u00eda que la Provincia publicita indicar\u00edan otra situaci\u00f3n\u201d<\/p>\n\n\n\n<p>Por su parte desde la Federaci\u00f3n de Trabajadores Municipales cruzaron duro a seccionales gremiales que hicieron acuerdo sectoriales: \u201cHubo sindicatos que demostrando un rechazo a las tradiciones de unidad y solidaridad del Movimiento Obrero, negociaron localmente a pedido de los intereses de la patronal. Ni siquiera consiguieron los mismos acuerdos dentro de la propia actuaci\u00f3n sindical (Rafaela y Esperanza) y sin aumentos definidos para las Comunas del Sindicato involucrado\u201d<\/p>\n\n\n\n<p>\u201cUna clara demostraci\u00f3n de lo que significa la autonom\u00eda municipal para ellos y una resoluci\u00f3n absolutamente funcional al Gobernador Omar Perotti\u201d, siguieron agitando el fuego los municipales de Santa Fe<\/p>\n\n\n\n<p>\u201cPrecisamente para situaciones como \u00e9stas existe la Paritaria Municipal\u201d \u2013 Ley 9996- \u201crepresentada por nuestra federaci\u00f3n, donde se evitan estas desigualdades y que todas las resoluciones queden al arbitrio de las patronales\u201d<\/p>\n\n\n\n<p>En tanto, desde festarm tomaron el guante por las declaraciones del Ministro de Trabajo, Juan Manuel Pusineri \u201carremetiendo con la judicializaci\u00f3n de la protesta\u201d<\/p>\n\n\n\n<p>\u201cManifiestan claramente la decisi\u00f3n pol\u00edtica del Gobierno Provincial de que los salarios pierdan frente a la inflaci\u00f3n y expone una concepci\u00f3n ideol\u00f3gica igual a la del macrismo en cuanto se procura eliminar la paritaria municipal como en su momento hizo el gobierno de Mauricio Macri con la paritaria nacional docente\u201d, tensaron la cuerda desde la entidad gremial y completaron: \u201c Existe, adem\u00e1s, una doble vara gubernamental a la hora de actuar frente a la protesta social si ella la encabezan sectores patronales o si son los trabajadores y trabajadoras en la calle, los que salen a defender sus derechos\u201d<\/p>\n\n\n\n<p><br><\/p>\n","protected":false},"excerpt":{"rendered":"<p>Paro de 24 hs y cortes de ruta en toda la Provincia. \u201cLa solidaridad se demuestra en la calle\u201d, sostuvieron desde Festram MUNICIPALES DE SANTA FE SE RATIFICARON EL PARO DE JUEVES Y VIERNES PR\u00d3XIMOS SI NO SE CONVOCA NUEVAMENTE A PARITARIAS. Con un paro de 24 hs y 8 lugares de cortes de ruta <a href=\"https:\/\/armstrongyregion.com.ar\/diario\/municipales-ratificaron-paro-de-jueves-y-viernes-proximo\/\" title=\"Read more\" >&#8230;<\/a><\/p>\n","protected":false},"author":1,"featured_media":35147,"comment_status":"open","ping_status":"open","sticky":false,"template":"","format":"image","meta":{"_jetpack_memberships_contains_paid_content":false,"footnotes":"","jetpack_publicize_message":"","jetpack_publicize_feature_enabled":true,"jetpack_social_post_already_shared":true,"jetpack_social_options":{"image_generator_settings":{"template":"highway","default_image_id":0,"enabled":false},"version":2}},"categories":[8,1,2,7,3],"tags":[],"class_list":["post-35146","post","type-post","status-publish","format-image","has-post-thumbnail","hentry","category-deliberando","category-diario-armstrong","category-locales","category-politica","category-region","post_format-post-format-image"],"jetpack_publicize_connections":[],"jetpack_featured_media_url":"https:\/\/armstrongyregion.com.ar\/diario\/wp-content\/uploads\/2022\/07\/festram-cortes-ruta.jpg","jetpack_shortlink":"https:\/\/wp.me\/p62QDO-98S","jetpack_sharing_enabled":true,"amp_enabled":true,"_links":{"self":[{"href":"https:\/\/armstrongyregion.com.ar\/diario\/wp-json\/wp\/v2\/posts\/35146","targetHints":{"allow":["GET"]}}],"collection":[{"href":"https:\/\/armstrongyregion.com.ar\/diario\/wp-json\/wp\/v2\/posts"}],"about":[{"href":"https:\/\/armstrongyregion.com.ar\/diario\/wp-json\/wp\/v2\/types\/post"}],"author":[{"embeddable":true,"href":"https:\/\/armstrongyregion.com.ar\/diario\/wp-json\/wp\/v2\/users\/1"}],"replies":[{"embeddable":true,"href":"https:\/\/armstrongyregion.com.ar\/diario\/wp-json\/wp\/v2\/comments?post=35146"}],"version-history":[{"count":1,"href":"https:\/\/armstrongyregion.com.ar\/diario\/wp-json\/wp\/v2\/posts\/35146\/revisions"}],"predecessor-version":[{"id":35148,"href":"https:\/\/armstrongyregion.com.ar\/diario\/wp-json\/wp\/v2\/posts\/35146\/revisions\/35148"}],"wp:featuredmedia":[{"embeddable":true,"href":"https:\/\/armstrongyregion.com.ar\/diario\/wp-json\/wp\/v2\/media\/35147"}],"wp:attachment":[{"href":"https:\/\/armstrongyregion.com.ar\/diario\/wp-json\/wp\/v2\/media?parent=35146"}],"wp:term":[{"taxonomy":"category","embeddable":true,"href":"https:\/\/armstrongyregion.com.ar\/diario\/wp-json\/wp\/v2\/categories?post=35146"},{"taxonomy":"post_tag","embeddable":true,"href":"https:\/\/armstrongyregion.com.ar\/diario\/wp-json\/wp\/v2\/tags?post=35146"}],"curies":[{"name":"wp","href":"https:\/\/api.w.org\/{rel}","templated":true}]}}