{"id":35139,"date":"2022-07-18T02:57:16","date_gmt":"2022-07-18T02:57:16","guid":{"rendered":"https:\/\/armstrongyregion.com.ar\/diario\/?p=35139"},"modified":"2022-07-18T02:57:17","modified_gmt":"2022-07-18T02:57:17","slug":"el-circo-criollo-se-presenta-el-la-fermina-club-de-campo","status":"publish","type":"post","link":"https:\/\/armstrongyregion.com.ar\/diario\/el-circo-criollo-se-presenta-el-la-fermina-club-de-campo\/","title":{"rendered":"El \u00abCirco Criollo\u00bb se presenta el La Fermina Club de Campo."},"content":{"rendered":"\n<figure class=\"wp-block-image size-large\"><img loading=\"lazy\" decoding=\"async\" width=\"800\" height=\"445\" src=\"http:\/\/armstrongyregion.com.ar\/diario\/wp-content\/uploads\/2022\/07\/circo...criollo-.jpg\" alt=\"\" class=\"wp-image-35140\" srcset=\"https:\/\/armstrongyregion.com.ar\/diario\/wp-content\/uploads\/2022\/07\/circo...criollo-.jpg 800w, https:\/\/armstrongyregion.com.ar\/diario\/wp-content\/uploads\/2022\/07\/circo...criollo--300x167.jpg 300w, https:\/\/armstrongyregion.com.ar\/diario\/wp-content\/uploads\/2022\/07\/circo...criollo--768x427.jpg 768w\" sizes=\"auto, (max-width: 800px) 100vw, 800px\" \/><\/figure>\n\n\n\n<p>Estas vacaciones de invierno, La Fermina Club de Campo se vestir\u00e1 de circo los d\u00edas 8, 9, 10, 15, 16, 17 y 22, 23, 24 de julio en los horarios de viernes 20:30 hs. y s\u00e1bado y domingo 15:30 y 18:30 hs. se podr\u00e1 disfrutar de \u00abCirco Criollo\u00bb.<\/p>\n\n\n\n<p>La fusi\u00f3n del canto folkl\u00f3rico, las danzas y las disciplinas circenses, una produccion de 1\u00ba nivel para que grandes y chicos la pasen genial. La reedici\u00f3n de un espect\u00e1culo que data del siglo XIX se transform\u00f3 en la propuesta m\u00e1s interesante de la regi\u00f3n para estas vacaciones de invierno, siendo a su vez reconocido por Municipio y Provincia como de inter\u00e9s cultural.<\/p>\n\n\n\n<p>La funci\u00f3n estreno ya est\u00e1 agotada y el resto de las funciones vienen con una alta demanda. Compr\u00e1 tu entrada haciendo\u00a0<a href=\"https:\/\/www.entradaweb.com.ar\/index.php?r=site%2Fdetalles&amp;d=42278d4a&amp;fbclid=IwAR2pyN_ICAvRy4K3XjBdcGg1xhTUlOqMm_TK-dm0boTanhDBEqmXISYOUyc\">click aqu\u00ed<\/a>\u00a0o llamando a los telefonos que figuran en la imagen. <\/p>\n\n\n\n<p>Todo esto en La Fermina Club de Campo \u2013 Zona Rural Armstrong \u2013 Santa Fe.<\/p>\n\n\n\n<p>Fuente; DiarioVisi\u00f3n.<\/p>\n","protected":false},"excerpt":{"rendered":"<p>Estas vacaciones de invierno, La Fermina Club de Campo se vestir\u00e1 de circo los d\u00edas 8, 9, 10, 15, 16, 17 y 22, 23, 24 de julio en los horarios de viernes 20:30 hs. y s\u00e1bado y domingo 15:30 y 18:30 hs. se podr\u00e1 disfrutar de \u00abCirco Criollo\u00bb. La fusi\u00f3n del canto folkl\u00f3rico, las danzas <a href=\"https:\/\/armstrongyregion.com.ar\/diario\/el-circo-criollo-se-presenta-el-la-fermina-club-de-campo\/\" title=\"Read more\" >&#8230;<\/a><\/p>\n","protected":false},"author":1,"featured_media":35140,"comment_status":"open","ping_status":"open","sticky":false,"template":"","format":"image","meta":{"_jetpack_memberships_contains_paid_content":false,"footnotes":"","jetpack_publicize_message":"","jetpack_publicize_feature_enabled":true,"jetpack_social_post_already_shared":true,"jetpack_social_options":{"image_generator_settings":{"template":"highway","default_image_id":0,"enabled":false},"version":2}},"categories":[8,1,2,7,3],"tags":[],"class_list":["post-35139","post","type-post","status-publish","format-image","has-post-thumbnail","hentry","category-deliberando","category-diario-armstrong","category-locales","category-politica","category-region","post_format-post-format-image"],"jetpack_publicize_connections":[],"jetpack_featured_media_url":"https:\/\/armstrongyregion.com.ar\/diario\/wp-content\/uploads\/2022\/07\/circo...criollo-.jpg","jetpack_shortlink":"https:\/\/wp.me\/p62QDO-98L","jetpack_sharing_enabled":true,"amp_enabled":true,"_links":{"self":[{"href":"https:\/\/armstrongyregion.com.ar\/diario\/wp-json\/wp\/v2\/posts\/35139","targetHints":{"allow":["GET"]}}],"collection":[{"href":"https:\/\/armstrongyregion.com.ar\/diario\/wp-json\/wp\/v2\/posts"}],"about":[{"href":"https:\/\/armstrongyregion.com.ar\/diario\/wp-json\/wp\/v2\/types\/post"}],"author":[{"embeddable":true,"href":"https:\/\/armstrongyregion.com.ar\/diario\/wp-json\/wp\/v2\/users\/1"}],"replies":[{"embeddable":true,"href":"https:\/\/armstrongyregion.com.ar\/diario\/wp-json\/wp\/v2\/comments?post=35139"}],"version-history":[{"count":1,"href":"https:\/\/armstrongyregion.com.ar\/diario\/wp-json\/wp\/v2\/posts\/35139\/revisions"}],"predecessor-version":[{"id":35141,"href":"https:\/\/armstrongyregion.com.ar\/diario\/wp-json\/wp\/v2\/posts\/35139\/revisions\/35141"}],"wp:featuredmedia":[{"embeddable":true,"href":"https:\/\/armstrongyregion.com.ar\/diario\/wp-json\/wp\/v2\/media\/35140"}],"wp:attachment":[{"href":"https:\/\/armstrongyregion.com.ar\/diario\/wp-json\/wp\/v2\/media?parent=35139"}],"wp:term":[{"taxonomy":"category","embeddable":true,"href":"https:\/\/armstrongyregion.com.ar\/diario\/wp-json\/wp\/v2\/categories?post=35139"},{"taxonomy":"post_tag","embeddable":true,"href":"https:\/\/armstrongyregion.com.ar\/diario\/wp-json\/wp\/v2\/tags?post=35139"}],"curies":[{"name":"wp","href":"https:\/\/api.w.org\/{rel}","templated":true}]}}