{"id":35095,"date":"2022-07-12T04:38:01","date_gmt":"2022-07-12T04:38:01","guid":{"rendered":"https:\/\/armstrongyregion.com.ar\/diario\/?p=35095"},"modified":"2022-07-12T04:39:10","modified_gmt":"2022-07-12T04:39:10","slug":"la-fiesta-provincial-del-asador-en-montes-de-oca-se-presenta-este-martes-en-deliberando","status":"publish","type":"post","link":"https:\/\/armstrongyregion.com.ar\/diario\/la-fiesta-provincial-del-asador-en-montes-de-oca-se-presenta-este-martes-en-deliberando\/","title":{"rendered":"La Fiesta Provincial del Asador en Montes de Oca se presenta este martes en Deliberando."},"content":{"rendered":"\n<figure class=\"wp-block-image size-large\"><img loading=\"lazy\" decoding=\"async\" width=\"720\" height=\"474\" src=\"http:\/\/armstrongyregion.com.ar\/diario\/wp-content\/uploads\/2022\/07\/Sagripanti-Mansilla-.jpg\" alt=\"\" class=\"wp-image-35096\" srcset=\"https:\/\/armstrongyregion.com.ar\/diario\/wp-content\/uploads\/2022\/07\/Sagripanti-Mansilla-.jpg 720w, https:\/\/armstrongyregion.com.ar\/diario\/wp-content\/uploads\/2022\/07\/Sagripanti-Mansilla--300x198.jpg 300w\" sizes=\"auto, (max-width: 720px) 100vw, 720px\" \/><\/figure>\n\n\n\n<p> Una nueva edici\u00f3n de esta tradicional fiesta de la comunidad monteoquina se estara realizando en diciembre de este a\u00f1o luego de las suspensiones debido a la pandemia.<\/p>\n\n\n\n<p>Nos visitar\u00e1n el presidente comunal Emanuel Sagripanti y Alejandro Mansilla referente del equipo organizador, quienes  estar\u00e1n brindando los detalles organizativos, como numeros artisticos y temas del reglamento de la competencia.<\/p>\n\n\n\n<p>Alejandro Mansilla tambi\u00e9n dar\u00e1  detalles de la participaci\u00f3n de su equipo el cual intervendr\u00e1 en la fiesta internacional del asador en Colombia.<\/p>\n\n\n\n<p>Todo este martes en DELIBERANDO, con la conducci\u00f3n de la licenciada Graciela De la Casa y Oscar Crispino. <\/p>\n\n\n\n<p>Martes 21hs. Por Cable Imagen Armstrong.<\/p>\n\n\n\n<p>Reiteraci\u00f3n: Mi\u00e9rcoles 13,30hs y Domingos 12,30hs.<\/p>\n\n\n\n<p><\/p>\n\n\n\n<p><\/p>\n","protected":false},"excerpt":{"rendered":"<p>Una nueva edici\u00f3n de esta tradicional fiesta de la comunidad monteoquina se estara realizando en diciembre de este a\u00f1o luego de las suspensiones debido a la pandemia. Nos visitar\u00e1n el presidente comunal Emanuel Sagripanti y Alejandro Mansilla referente del equipo organizador, quienes estar\u00e1n brindando los detalles organizativos, como numeros artisticos y temas del reglamento de <a href=\"https:\/\/armstrongyregion.com.ar\/diario\/la-fiesta-provincial-del-asador-en-montes-de-oca-se-presenta-este-martes-en-deliberando\/\" title=\"Read more\" >&#8230;<\/a><\/p>\n","protected":false},"author":1,"featured_media":35096,"comment_status":"open","ping_status":"open","sticky":false,"template":"","format":"image","meta":{"_jetpack_memberships_contains_paid_content":false,"footnotes":"","jetpack_publicize_message":"","jetpack_publicize_feature_enabled":true,"jetpack_social_post_already_shared":true,"jetpack_social_options":{"image_generator_settings":{"template":"highway","default_image_id":0,"enabled":false},"version":2}},"categories":[6,8,1,2,7,3],"tags":[],"class_list":["post-35095","post","type-post","status-publish","format-image","has-post-thumbnail","hentry","category-cultura-entretenimiento","category-deliberando","category-diario-armstrong","category-locales","category-politica","category-region","post_format-post-format-image"],"jetpack_publicize_connections":[],"jetpack_featured_media_url":"https:\/\/armstrongyregion.com.ar\/diario\/wp-content\/uploads\/2022\/07\/Sagripanti-Mansilla-.jpg","jetpack_shortlink":"https:\/\/wp.me\/p62QDO-983","jetpack_sharing_enabled":true,"amp_enabled":true,"_links":{"self":[{"href":"https:\/\/armstrongyregion.com.ar\/diario\/wp-json\/wp\/v2\/posts\/35095","targetHints":{"allow":["GET"]}}],"collection":[{"href":"https:\/\/armstrongyregion.com.ar\/diario\/wp-json\/wp\/v2\/posts"}],"about":[{"href":"https:\/\/armstrongyregion.com.ar\/diario\/wp-json\/wp\/v2\/types\/post"}],"author":[{"embeddable":true,"href":"https:\/\/armstrongyregion.com.ar\/diario\/wp-json\/wp\/v2\/users\/1"}],"replies":[{"embeddable":true,"href":"https:\/\/armstrongyregion.com.ar\/diario\/wp-json\/wp\/v2\/comments?post=35095"}],"version-history":[{"count":2,"href":"https:\/\/armstrongyregion.com.ar\/diario\/wp-json\/wp\/v2\/posts\/35095\/revisions"}],"predecessor-version":[{"id":35098,"href":"https:\/\/armstrongyregion.com.ar\/diario\/wp-json\/wp\/v2\/posts\/35095\/revisions\/35098"}],"wp:featuredmedia":[{"embeddable":true,"href":"https:\/\/armstrongyregion.com.ar\/diario\/wp-json\/wp\/v2\/media\/35096"}],"wp:attachment":[{"href":"https:\/\/armstrongyregion.com.ar\/diario\/wp-json\/wp\/v2\/media?parent=35095"}],"wp:term":[{"taxonomy":"category","embeddable":true,"href":"https:\/\/armstrongyregion.com.ar\/diario\/wp-json\/wp\/v2\/categories?post=35095"},{"taxonomy":"post_tag","embeddable":true,"href":"https:\/\/armstrongyregion.com.ar\/diario\/wp-json\/wp\/v2\/tags?post=35095"}],"curies":[{"name":"wp","href":"https:\/\/api.w.org\/{rel}","templated":true}]}}