{"id":35089,"date":"2022-07-11T18:17:23","date_gmt":"2022-07-11T18:17:23","guid":{"rendered":"https:\/\/armstrongyregion.com.ar\/diario\/?p=35089"},"modified":"2022-07-11T18:17:24","modified_gmt":"2022-07-11T18:17:24","slug":"canada-de-gomez-multitudinaria-celebracion-del-dia-de-la-independencia","status":"publish","type":"post","link":"https:\/\/armstrongyregion.com.ar\/diario\/canada-de-gomez-multitudinaria-celebracion-del-dia-de-la-independencia\/","title":{"rendered":"Ca\u00f1ada de G\u00f3mez. Multitudinaria celebraci\u00f3n del D\u00eda de la Independencia."},"content":{"rendered":"\n<figure class=\"wp-block-image size-large\"><img loading=\"lazy\" decoding=\"async\" width=\"512\" height=\"384\" src=\"http:\/\/armstrongyregion.com.ar\/diario\/wp-content\/uploads\/2022\/07\/independencia-ca\u00f1ada-.jpg\" alt=\"\" class=\"wp-image-35090\" srcset=\"https:\/\/armstrongyregion.com.ar\/diario\/wp-content\/uploads\/2022\/07\/independencia-ca\u00f1ada-.jpg 512w, https:\/\/armstrongyregion.com.ar\/diario\/wp-content\/uploads\/2022\/07\/independencia-ca\u00f1ada--300x225.jpg 300w\" sizes=\"auto, (max-width: 512px) 100vw, 512px\" \/><\/figure>\n\n\n\n<p>La gesti\u00f3n municipal convoc\u00f3 este s\u00e1bado a los ca\u00f1adenses en Plaza San Mart\u00edn a celebrar una tarde patri\u00f3tica, en el marco del D\u00eda de la Independencia, y el camino a los cien a\u00f1os de la declaratoria de ciudad.<\/p>\n\n\n\n<p>Participaron ballets de la ciudad, con la presentaci\u00f3n de Mar\u00eda Bel\u00e9n Ceriani, Hern\u00e1n \u00abManu\u00bb \u00c1lvarez, Germ\u00e1n Staffolani, \u00abLos del Suqu\u00eda\u00bb. El cierre fue con el espect\u00e1culo de \u201cNacho y Daniel\u00bb y la presencia sorpresa de Facundo Toro. \u201cSiempre es una enorme satisfacci\u00f3n propiciar desde el municipio, escenarios para que los artistas locales y regionales sigan brindando sus propuestas art\u00edsticas a la gente\u201d, expres\u00f3 el presidente del Concejo Marcelo Casalegno.<\/p>\n\n\n\n<p>Previamente, junto a instituciones y escuelas se desarroll\u00f3 el acto en la plaza Independencia en el barrio Brigadier General Estanislao L\u00f3pez. \u201cHoy es una fecha de encuentro y celebraci\u00f3n. Pero tambi\u00e9n es una oportunidad para renovar desde nuestro lugar, el compromiso con una ciudad con futuro para nuestros hijos\u201d, manifest\u00f3 la intendenta Cl\u00e9rici.&nbsp;<br><\/p>\n","protected":false},"excerpt":{"rendered":"<p>La gesti\u00f3n municipal convoc\u00f3 este s\u00e1bado a los ca\u00f1adenses en Plaza San Mart\u00edn a celebrar una tarde patri\u00f3tica, en el marco del D\u00eda de la Independencia, y el camino a los cien a\u00f1os de la declaratoria de ciudad. Participaron ballets de la ciudad, con la presentaci\u00f3n de Mar\u00eda Bel\u00e9n Ceriani, Hern\u00e1n \u00abManu\u00bb \u00c1lvarez, Germ\u00e1n Staffolani, <a href=\"https:\/\/armstrongyregion.com.ar\/diario\/canada-de-gomez-multitudinaria-celebracion-del-dia-de-la-independencia\/\" title=\"Read more\" >&#8230;<\/a><\/p>\n","protected":false},"author":1,"featured_media":35090,"comment_status":"open","ping_status":"open","sticky":false,"template":"","format":"image","meta":{"_jetpack_memberships_contains_paid_content":false,"footnotes":"","jetpack_publicize_message":"","jetpack_publicize_feature_enabled":true,"jetpack_social_post_already_shared":true,"jetpack_social_options":{"image_generator_settings":{"template":"highway","default_image_id":0,"enabled":false},"version":2}},"categories":[8,1,2,7,3],"tags":[],"class_list":["post-35089","post","type-post","status-publish","format-image","has-post-thumbnail","hentry","category-deliberando","category-diario-armstrong","category-locales","category-politica","category-region","post_format-post-format-image"],"jetpack_publicize_connections":[],"jetpack_featured_media_url":"https:\/\/armstrongyregion.com.ar\/diario\/wp-content\/uploads\/2022\/07\/independencia-ca\u00f1ada-.jpg","jetpack_shortlink":"https:\/\/wp.me\/p62QDO-97X","jetpack_sharing_enabled":true,"amp_enabled":true,"_links":{"self":[{"href":"https:\/\/armstrongyregion.com.ar\/diario\/wp-json\/wp\/v2\/posts\/35089","targetHints":{"allow":["GET"]}}],"collection":[{"href":"https:\/\/armstrongyregion.com.ar\/diario\/wp-json\/wp\/v2\/posts"}],"about":[{"href":"https:\/\/armstrongyregion.com.ar\/diario\/wp-json\/wp\/v2\/types\/post"}],"author":[{"embeddable":true,"href":"https:\/\/armstrongyregion.com.ar\/diario\/wp-json\/wp\/v2\/users\/1"}],"replies":[{"embeddable":true,"href":"https:\/\/armstrongyregion.com.ar\/diario\/wp-json\/wp\/v2\/comments?post=35089"}],"version-history":[{"count":1,"href":"https:\/\/armstrongyregion.com.ar\/diario\/wp-json\/wp\/v2\/posts\/35089\/revisions"}],"predecessor-version":[{"id":35091,"href":"https:\/\/armstrongyregion.com.ar\/diario\/wp-json\/wp\/v2\/posts\/35089\/revisions\/35091"}],"wp:featuredmedia":[{"embeddable":true,"href":"https:\/\/armstrongyregion.com.ar\/diario\/wp-json\/wp\/v2\/media\/35090"}],"wp:attachment":[{"href":"https:\/\/armstrongyregion.com.ar\/diario\/wp-json\/wp\/v2\/media?parent=35089"}],"wp:term":[{"taxonomy":"category","embeddable":true,"href":"https:\/\/armstrongyregion.com.ar\/diario\/wp-json\/wp\/v2\/categories?post=35089"},{"taxonomy":"post_tag","embeddable":true,"href":"https:\/\/armstrongyregion.com.ar\/diario\/wp-json\/wp\/v2\/tags?post=35089"}],"curies":[{"name":"wp","href":"https:\/\/api.w.org\/{rel}","templated":true}]}}