{"id":35079,"date":"2022-07-11T18:04:01","date_gmt":"2022-07-11T18:04:01","guid":{"rendered":"https:\/\/armstrongyregion.com.ar\/diario\/?p=35079"},"modified":"2022-07-11T18:04:02","modified_gmt":"2022-07-11T18:04:02","slug":"armstrong-robo-calificado-con-privacion-ilegitima-de-la-libertad","status":"publish","type":"post","link":"https:\/\/armstrongyregion.com.ar\/diario\/armstrong-robo-calificado-con-privacion-ilegitima-de-la-libertad\/","title":{"rendered":"Armstrong. Robo calificado con privaci\u00f3n ilegitima de la libertad."},"content":{"rendered":"\n<figure class=\"wp-block-image size-large\"><img loading=\"lazy\" decoding=\"async\" width=\"778\" height=\"350\" src=\"http:\/\/armstrongyregion.com.ar\/diario\/wp-content\/uploads\/2022\/07\/multimedia.normal.a72fd194abc84ab5.50415452554c4c45524f5f6e6f726d616c2e6a7067.jpg\" alt=\"\" class=\"wp-image-35080\" srcset=\"https:\/\/armstrongyregion.com.ar\/diario\/wp-content\/uploads\/2022\/07\/multimedia.normal.a72fd194abc84ab5.50415452554c4c45524f5f6e6f726d616c2e6a7067.jpg 778w, https:\/\/armstrongyregion.com.ar\/diario\/wp-content\/uploads\/2022\/07\/multimedia.normal.a72fd194abc84ab5.50415452554c4c45524f5f6e6f726d616c2e6a7067-300x135.jpg 300w, https:\/\/armstrongyregion.com.ar\/diario\/wp-content\/uploads\/2022\/07\/multimedia.normal.a72fd194abc84ab5.50415452554c4c45524f5f6e6f726d616c2e6a7067-768x346.jpg 768w\" sizes=\"auto, (max-width: 778px) 100vw, 778px\" \/><\/figure>\n\n\n\n<h2 class=\"wp-block-heading\"> El hecho ocurri\u00f3 el pasado s\u00e1bado, desconocidos ingresaron a una vivienda y se llevaron dinero en efectivo. <\/h2>\n\n\n\n<p><\/p>\n\n\n\n<figure class=\"wp-block-audio\"><audio controls src=\"http:\/\/armstrongyregion.com.ar\/diario\/wp-content\/uploads\/2022\/07\/multimedia.audio_.b4dfbb8f77733792.617564696f206d6f6e6f2e6d7033.mp3\"><\/audio><figcaption> Prensa URIII Dep. Belgrano <\/figcaption><\/figure>\n\n\n\n<p><em>\u00abDia 9 de Julio, en jurisdicci\u00f3n de la Comisaria 3ra se labran actuaciones por robo calificado con privaci\u00f3n ileg\u00edtima de la libertad.<\/em><\/p>\n\n\n\n<p><em>El denunciante manifiesta que en horas de la madrugada tres masculinos ingresan a su domicilio por la puerta trasera encapuchados, con guantes y con un arma de fuego, lo reducen, revuelven todas sus pertenencias llev\u00e1ndose consigo una importante suma de dinero en pesos y en efectivo\u00bb,<\/em>\u00a0inform\u00f3 Blanco.\u00a0<\/p>\n\n\n\n<p>Fuente: Renacer Fm.<\/p>\n\n\n\n<h2 class=\"wp-block-heading\"><\/h2>\n","protected":false},"excerpt":{"rendered":"<p>El hecho ocurri\u00f3 el pasado s\u00e1bado, desconocidos ingresaron a una vivienda y se llevaron dinero en efectivo. \u00abDia 9 de Julio, en jurisdicci\u00f3n de la Comisaria 3ra se labran actuaciones por robo calificado con privaci\u00f3n ileg\u00edtima de la libertad. El denunciante manifiesta que en horas de la madrugada tres masculinos ingresan a su domicilio por <a href=\"https:\/\/armstrongyregion.com.ar\/diario\/armstrong-robo-calificado-con-privacion-ilegitima-de-la-libertad\/\" title=\"Read more\" >&#8230;<\/a><\/p>\n","protected":false},"author":1,"featured_media":35080,"comment_status":"open","ping_status":"open","sticky":false,"template":"","format":"image","meta":{"_jetpack_memberships_contains_paid_content":false,"footnotes":"","jetpack_publicize_message":"","jetpack_publicize_feature_enabled":true,"jetpack_social_post_already_shared":true,"jetpack_social_options":{"image_generator_settings":{"template":"highway","default_image_id":0,"enabled":false},"version":2}},"categories":[8,1,2,7,3],"tags":[],"class_list":["post-35079","post","type-post","status-publish","format-image","has-post-thumbnail","hentry","category-deliberando","category-diario-armstrong","category-locales","category-politica","category-region","post_format-post-format-image"],"jetpack_publicize_connections":[],"jetpack_featured_media_url":"https:\/\/armstrongyregion.com.ar\/diario\/wp-content\/uploads\/2022\/07\/multimedia.normal.a72fd194abc84ab5.50415452554c4c45524f5f6e6f726d616c2e6a7067.jpg","jetpack_shortlink":"https:\/\/wp.me\/p62QDO-97N","jetpack_sharing_enabled":true,"amp_enabled":true,"_links":{"self":[{"href":"https:\/\/armstrongyregion.com.ar\/diario\/wp-json\/wp\/v2\/posts\/35079","targetHints":{"allow":["GET"]}}],"collection":[{"href":"https:\/\/armstrongyregion.com.ar\/diario\/wp-json\/wp\/v2\/posts"}],"about":[{"href":"https:\/\/armstrongyregion.com.ar\/diario\/wp-json\/wp\/v2\/types\/post"}],"author":[{"embeddable":true,"href":"https:\/\/armstrongyregion.com.ar\/diario\/wp-json\/wp\/v2\/users\/1"}],"replies":[{"embeddable":true,"href":"https:\/\/armstrongyregion.com.ar\/diario\/wp-json\/wp\/v2\/comments?post=35079"}],"version-history":[{"count":1,"href":"https:\/\/armstrongyregion.com.ar\/diario\/wp-json\/wp\/v2\/posts\/35079\/revisions"}],"predecessor-version":[{"id":35082,"href":"https:\/\/armstrongyregion.com.ar\/diario\/wp-json\/wp\/v2\/posts\/35079\/revisions\/35082"}],"wp:featuredmedia":[{"embeddable":true,"href":"https:\/\/armstrongyregion.com.ar\/diario\/wp-json\/wp\/v2\/media\/35080"}],"wp:attachment":[{"href":"https:\/\/armstrongyregion.com.ar\/diario\/wp-json\/wp\/v2\/media?parent=35079"}],"wp:term":[{"taxonomy":"category","embeddable":true,"href":"https:\/\/armstrongyregion.com.ar\/diario\/wp-json\/wp\/v2\/categories?post=35079"},{"taxonomy":"post_tag","embeddable":true,"href":"https:\/\/armstrongyregion.com.ar\/diario\/wp-json\/wp\/v2\/tags?post=35079"}],"curies":[{"name":"wp","href":"https:\/\/api.w.org\/{rel}","templated":true}]}}