{"id":35067,"date":"2022-07-10T17:11:03","date_gmt":"2022-07-10T17:11:03","guid":{"rendered":"https:\/\/armstrongyregion.com.ar\/diario\/?p=35067"},"modified":"2022-07-10T17:11:04","modified_gmt":"2022-07-10T17:11:04","slug":"santa-fe-supero-los-508-000-empleos-registrados-en-el-sector-privado","status":"publish","type":"post","link":"https:\/\/armstrongyregion.com.ar\/diario\/santa-fe-supero-los-508-000-empleos-registrados-en-el-sector-privado\/","title":{"rendered":"Santa Fe super\u00f3 los 508.000 empleos registrados en el sector privado."},"content":{"rendered":"\n<figure class=\"wp-block-image size-large\"><img loading=\"lazy\" decoding=\"async\" width=\"570\" height=\"320\" src=\"http:\/\/armstrongyregion.com.ar\/diario\/wp-content\/uploads\/2022\/07\/321-ca\u00f1ada.jpg\" alt=\"\" class=\"wp-image-35068\" srcset=\"https:\/\/armstrongyregion.com.ar\/diario\/wp-content\/uploads\/2022\/07\/321-ca\u00f1ada.jpg 570w, https:\/\/armstrongyregion.com.ar\/diario\/wp-content\/uploads\/2022\/07\/321-ca\u00f1ada-300x168.jpg 300w\" sizes=\"auto, (max-width: 570px) 100vw, 570px\" \/><\/figure>\n\n\n\n<h2 class=\"wp-block-heading\"> El n\u00famero de trabajadores asalariados experimenta un aumento continuo desde junio de 2020. <\/h2>\n\n\n\n<p>\n\nEn la provincia de Santa Fe hay 508.058 trabajadores registrados en el sector privado, As\u00ed se desprende del informe \u201cSituaci\u00f3n y evoluci\u00f3n del trabajo registrado\u201d publicado por el Ministerio de Trabajo de la Naci\u00f3n con datos correspondientes a abril de 2022. Esto implica un aumento del 0,32% respecto del mes anterior y de 3,47% si consideramos las cifras de abril de 2021, totalizando un ingreso de 17.039 personas al mercado de trabajo formal durante los \u00faltimos 12 meses.<\/p>\n\n\n\n<p>Al respecto, el ministro de Trabajo, Empleo y Seguridad Social, Juan Manuel Pusineri destac\u00f3 que \u201clos datos informan que durante el mes de abril la provincia incorpor\u00f3 1.645 nuevas asalariadas y asalariados. Si comparamos los n\u00fameros con el mismo mes del a\u00f1o pasado observamos que m\u00e1s de 17.000 santafesinos y santafesinas accedieron a un empleo de calidad. Asimismo, es posible observar que este crecimiento est\u00e1 distribuido en general en todos los rubros, es decir tanto en construcci\u00f3n e industria como en comercio y servicios.\u201d<\/p>\n\n\n\n<p>Pusineri advirti\u00f3 que \u201csin dudas en el crecimiento del empleo tienen influencia las acciones definidas por el gobernador Omar Perotti que combinan un fuerte apoyo que se traduce en financiamiento para el sector privado, con obras de infraestructura que, orientadas a la producci\u00f3n, generan no solo empleo durante su realizaci\u00f3n, sino que adem\u00e1s crean condiciones para que se incremente la actividad econ\u00f3mica y los puestos de trabajo. Con una fuerte apuesta a la combinaci\u00f3n de esfuerzos para el aprovechamiento del campo cient\u00edfico y tecnol\u00f3gico que tiene nuestra provincia.\u201d<\/p>\n\n\n\n<p>\u201cLos desaf\u00edos para los pr\u00f3ximos meses tienen que ver con generar empleo de calidad. Para ello las instancias de inspecci\u00f3n se est\u00e1n intensificando, lo mismo que la aplicaci\u00f3n de los programas que tienen que ver con capacitaci\u00f3n e inserci\u00f3n laboral. Ello en el marco del di\u00e1logo tripartito entre empleadores, entidades gremiales y el Estado\u201d, enfatiz\u00f3 el funcionario.<\/p>\n\n\n\n<p>El informe sobre Situaci\u00f3n y Evoluci\u00f3n del Trabajo Registrado presenta un diagn\u00f3stico de la evoluci\u00f3n reciente del trabajo registrado, es decir, aquel con acceso a los beneficios contributivos provistos por el sistema de la seguridad social. La informaci\u00f3n describe la evoluci\u00f3n de la poblaci\u00f3n ocupada que se encuentra declarada en los distintos registros administrativos que integran el sistema de seguridad social.<\/p>\n","protected":false},"excerpt":{"rendered":"<p>El n\u00famero de trabajadores asalariados experimenta un aumento continuo desde junio de 2020. En la provincia de Santa Fe hay 508.058 trabajadores registrados en el sector privado, As\u00ed se desprende del informe \u201cSituaci\u00f3n y evoluci\u00f3n del trabajo registrado\u201d publicado por el Ministerio de Trabajo de la Naci\u00f3n con datos correspondientes a abril de 2022. Esto <a href=\"https:\/\/armstrongyregion.com.ar\/diario\/santa-fe-supero-los-508-000-empleos-registrados-en-el-sector-privado\/\" title=\"Read more\" >&#8230;<\/a><\/p>\n","protected":false},"author":1,"featured_media":35068,"comment_status":"open","ping_status":"open","sticky":false,"template":"","format":"image","meta":{"_jetpack_memberships_contains_paid_content":false,"footnotes":"","jetpack_publicize_message":"","jetpack_publicize_feature_enabled":true,"jetpack_social_post_already_shared":true,"jetpack_social_options":{"image_generator_settings":{"template":"highway","default_image_id":0,"enabled":false},"version":2}},"categories":[8,1,2,7,3],"tags":[],"class_list":["post-35067","post","type-post","status-publish","format-image","has-post-thumbnail","hentry","category-deliberando","category-diario-armstrong","category-locales","category-politica","category-region","post_format-post-format-image"],"jetpack_publicize_connections":[],"jetpack_featured_media_url":"https:\/\/armstrongyregion.com.ar\/diario\/wp-content\/uploads\/2022\/07\/321-ca\u00f1ada.jpg","jetpack_shortlink":"https:\/\/wp.me\/p62QDO-97B","jetpack_sharing_enabled":true,"amp_enabled":true,"_links":{"self":[{"href":"https:\/\/armstrongyregion.com.ar\/diario\/wp-json\/wp\/v2\/posts\/35067","targetHints":{"allow":["GET"]}}],"collection":[{"href":"https:\/\/armstrongyregion.com.ar\/diario\/wp-json\/wp\/v2\/posts"}],"about":[{"href":"https:\/\/armstrongyregion.com.ar\/diario\/wp-json\/wp\/v2\/types\/post"}],"author":[{"embeddable":true,"href":"https:\/\/armstrongyregion.com.ar\/diario\/wp-json\/wp\/v2\/users\/1"}],"replies":[{"embeddable":true,"href":"https:\/\/armstrongyregion.com.ar\/diario\/wp-json\/wp\/v2\/comments?post=35067"}],"version-history":[{"count":1,"href":"https:\/\/armstrongyregion.com.ar\/diario\/wp-json\/wp\/v2\/posts\/35067\/revisions"}],"predecessor-version":[{"id":35069,"href":"https:\/\/armstrongyregion.com.ar\/diario\/wp-json\/wp\/v2\/posts\/35067\/revisions\/35069"}],"wp:featuredmedia":[{"embeddable":true,"href":"https:\/\/armstrongyregion.com.ar\/diario\/wp-json\/wp\/v2\/media\/35068"}],"wp:attachment":[{"href":"https:\/\/armstrongyregion.com.ar\/diario\/wp-json\/wp\/v2\/media?parent=35067"}],"wp:term":[{"taxonomy":"category","embeddable":true,"href":"https:\/\/armstrongyregion.com.ar\/diario\/wp-json\/wp\/v2\/categories?post=35067"},{"taxonomy":"post_tag","embeddable":true,"href":"https:\/\/armstrongyregion.com.ar\/diario\/wp-json\/wp\/v2\/tags?post=35067"}],"curies":[{"name":"wp","href":"https:\/\/api.w.org\/{rel}","templated":true}]}}