{"id":35018,"date":"2022-07-06T00:35:40","date_gmt":"2022-07-06T00:35:40","guid":{"rendered":"https:\/\/armstrongyregion.com.ar\/diario\/?p=35018"},"modified":"2022-07-06T00:35:41","modified_gmt":"2022-07-06T00:35:41","slug":"culmino-la-primera-capacitacion-en-fabricacion-de-muebles-organizada-por-la-casa-del-senado","status":"publish","type":"post","link":"https:\/\/armstrongyregion.com.ar\/diario\/culmino-la-primera-capacitacion-en-fabricacion-de-muebles-organizada-por-la-casa-del-senado\/","title":{"rendered":"Culmin\u00f3 la primera capacitaci\u00f3n en fabricaci\u00f3n de muebles organizada por la Casa del Senado."},"content":{"rendered":"\n<figure class=\"wp-block-image size-large\"><img loading=\"lazy\" decoding=\"async\" width=\"544\" height=\"388\" src=\"http:\/\/armstrongyregion.com.ar\/diario\/wp-content\/uploads\/2022\/07\/tallermueble.jpg\" alt=\"\" class=\"wp-image-35019\" srcset=\"https:\/\/armstrongyregion.com.ar\/diario\/wp-content\/uploads\/2022\/07\/tallermueble.jpg 544w, https:\/\/armstrongyregion.com.ar\/diario\/wp-content\/uploads\/2022\/07\/tallermueble-300x214.jpg 300w\" sizes=\"auto, (max-width: 544px) 100vw, 544px\" \/><\/figure>\n\n\n\n<p>\nEste lunes, concluy\u00f3 la primera capacitaci\u00f3n en fabricaci\u00f3n de\nmuebles en Ca\u00f1ada de G\u00f3mez, organizada por la Casa del Senado y el\nSenador Hugo Rasetto junto a una fabrica de muebles de la localidad.<\/p>\n\n\n\n<p>\nRasetto,\njunto a los concejales Matias Chale y Luciano Travaglino hicieron\nentrega de los certificados a los alumnos que culminaron el taller.<\/p>\n\n\n\n<p>\n\u201cCuando\nse termina una capacitaci\u00f3n, una formaci\u00f3n, tiene mucho significado\nno solo para el que la realiza, sino tambi\u00e9n para aquellas personas\nque lo rodean. \n<\/p>\n\n\n\n<p>\nNuestra\nidentidad se va formando a trav\u00e9s de nuestra vida fundamentalmente\nde lo que hacemos. Tener una sabidur\u00eda m\u00e1s, un nuevo conocimiento,\nhace a nuestra identidad como persona en la sociedad\u201d indic\u00f3\nRasetto, al tiempo que agradeci\u00f3 \u201ca la familia Mastri por abrirnos\nlas puertas de su empresa familiar y a Luciano por ponerse en el rol\nde profesor del oficio\u201d y \u201cfelicit\u00f3 a todos los alumnos por las\nganas de aprender nuevos conocimientos y seguir capacit\u00e1ndose\u201d.<\/p>\n","protected":false},"excerpt":{"rendered":"<p>Este lunes, concluy\u00f3 la primera capacitaci\u00f3n en fabricaci\u00f3n de muebles en Ca\u00f1ada de G\u00f3mez, organizada por la Casa del Senado y el Senador Hugo Rasetto junto a una fabrica de muebles de la localidad. Rasetto, junto a los concejales Matias Chale y Luciano Travaglino hicieron entrega de los certificados a los alumnos que culminaron el <a href=\"https:\/\/armstrongyregion.com.ar\/diario\/culmino-la-primera-capacitacion-en-fabricacion-de-muebles-organizada-por-la-casa-del-senado\/\" title=\"Read more\" >&#8230;<\/a><\/p>\n","protected":false},"author":1,"featured_media":35019,"comment_status":"open","ping_status":"open","sticky":false,"template":"","format":"image","meta":{"_jetpack_memberships_contains_paid_content":false,"footnotes":"","jetpack_publicize_message":"","jetpack_publicize_feature_enabled":true,"jetpack_social_post_already_shared":true,"jetpack_social_options":{"image_generator_settings":{"template":"highway","default_image_id":0,"enabled":false},"version":2}},"categories":[8,1,2,7,3],"tags":[],"class_list":["post-35018","post","type-post","status-publish","format-image","has-post-thumbnail","hentry","category-deliberando","category-diario-armstrong","category-locales","category-politica","category-region","post_format-post-format-image"],"jetpack_publicize_connections":[],"jetpack_featured_media_url":"https:\/\/armstrongyregion.com.ar\/diario\/wp-content\/uploads\/2022\/07\/tallermueble.jpg","jetpack_shortlink":"https:\/\/wp.me\/p62QDO-96O","jetpack_sharing_enabled":true,"amp_enabled":true,"_links":{"self":[{"href":"https:\/\/armstrongyregion.com.ar\/diario\/wp-json\/wp\/v2\/posts\/35018","targetHints":{"allow":["GET"]}}],"collection":[{"href":"https:\/\/armstrongyregion.com.ar\/diario\/wp-json\/wp\/v2\/posts"}],"about":[{"href":"https:\/\/armstrongyregion.com.ar\/diario\/wp-json\/wp\/v2\/types\/post"}],"author":[{"embeddable":true,"href":"https:\/\/armstrongyregion.com.ar\/diario\/wp-json\/wp\/v2\/users\/1"}],"replies":[{"embeddable":true,"href":"https:\/\/armstrongyregion.com.ar\/diario\/wp-json\/wp\/v2\/comments?post=35018"}],"version-history":[{"count":1,"href":"https:\/\/armstrongyregion.com.ar\/diario\/wp-json\/wp\/v2\/posts\/35018\/revisions"}],"predecessor-version":[{"id":35020,"href":"https:\/\/armstrongyregion.com.ar\/diario\/wp-json\/wp\/v2\/posts\/35018\/revisions\/35020"}],"wp:featuredmedia":[{"embeddable":true,"href":"https:\/\/armstrongyregion.com.ar\/diario\/wp-json\/wp\/v2\/media\/35019"}],"wp:attachment":[{"href":"https:\/\/armstrongyregion.com.ar\/diario\/wp-json\/wp\/v2\/media?parent=35018"}],"wp:term":[{"taxonomy":"category","embeddable":true,"href":"https:\/\/armstrongyregion.com.ar\/diario\/wp-json\/wp\/v2\/categories?post=35018"},{"taxonomy":"post_tag","embeddable":true,"href":"https:\/\/armstrongyregion.com.ar\/diario\/wp-json\/wp\/v2\/tags?post=35018"}],"curies":[{"name":"wp","href":"https:\/\/api.w.org\/{rel}","templated":true}]}}