{"id":35016,"date":"2022-07-06T00:31:54","date_gmt":"2022-07-06T00:31:54","guid":{"rendered":"https:\/\/armstrongyregion.com.ar\/diario\/?p=35016"},"modified":"2022-07-06T00:31:55","modified_gmt":"2022-07-06T00:31:55","slug":"armstrong-orden-del-dia-5-de-julio-2022","status":"publish","type":"post","link":"https:\/\/armstrongyregion.com.ar\/diario\/armstrong-orden-del-dia-5-de-julio-2022\/","title":{"rendered":"Armstrong. Orden del D\u00eda 5 de Julio 2022."},"content":{"rendered":"\n<figure class=\"wp-block-image size-large\"><img loading=\"lazy\" decoding=\"async\" width=\"504\" height=\"378\" src=\"http:\/\/armstrongyregion.com.ar\/diario\/wp-content\/uploads\/2021\/12\/concejo-extraord.27-12-21.jpg\" alt=\"\" class=\"wp-image-32743\" srcset=\"https:\/\/armstrongyregion.com.ar\/diario\/wp-content\/uploads\/2021\/12\/concejo-extraord.27-12-21.jpg 504w, https:\/\/armstrongyregion.com.ar\/diario\/wp-content\/uploads\/2021\/12\/concejo-extraord.27-12-21-300x225.jpg 300w\" sizes=\"auto, (max-width: 504px) 100vw, 504px\" \/><\/figure>\n\n\n\n<p> 1- ACTA ANTERIOR: <\/p>\n\n\n\n<p>\uf0b7 ACTA SESI\u00d3N ORDINARIA N\u00ba 1088 <\/p>\n\n\n\n<p>2- MENSAJES DEL D.E.:<\/p>\n\n\n\n<p> A- SECRETAR\u00cdA DE EDUCACI\u00d3N Y DESARROLLO INTEGRAL: <\/p>\n\n\n\n<p>1- INVITACI\u00d3N A LA CHARLA MALVINAS: EDUCACI\u00d3N Y VALORES. 2- INVITACI\u00d3N AL ACTO POR EL D\u00cdA DE LA INDEPENDENCIA. <\/p>\n\n\n\n<p>3- CORRESPONDENCIA:<\/p>\n\n\n\n<p> 1- BOMBEROS VOLUNTARIOS: INVITACI\u00d3N AL ACTO DE ASUNCI\u00d3N DE LA NUEVA JEFATURA DE CUERPO ACTIVO Y CENA SHOW.<\/p>\n\n\n\n<p> 4- DICT\u00c1MENES DE COMISIONES:<\/p>\n\n\n\n<p> A- COMISI\u00d3N DE HACIENDA Y CUENTAS:<\/p>\n\n\n\n<p> 1- PROYECTO DE ORDENANZA: SOLICITUD DE APORTE DE FONDOS NO REINTEGRABLES PARA FINANCIAMIENTO ADQUISICI\u00d3N DE EQUIPAMIENTO Y RODADOS. <\/p>\n\n\n\n<p>B- COMISI\u00d3N DE SEGURIDAD Y ORDEN P\u00daBLICO: <\/p>\n\n\n\n<p>2- PROYECTO DE ORDENANZA: MODIFICACI\u00d3N DE LAS ORDENANZAS N\u00b0 1244 Y N\u00b0 1343, REFERIDAS AL BUZ\u00d3N DE LA VIDA. <\/p>\n\n\n\n<p>5- PROYECTOS DE CONCEJALES:<\/p>\n\n\n\n<p> A- BLOQUE DE FRENTE PROGRESISTA, C\u00cdVICO Y SOCIAL: <\/p>\n\n\n\n<p>1- M.D.: ADHESI\u00d3N A LOS PROYECTOS DE LEY RESPECTO AL ABORDAJE DE LA ENDOMETRIOSIS.<\/p>\n\n\n\n<p> B- BLOQUE DE RENOVACI\u00d3N POR ARMSTRONG:<\/p>\n\n\n\n<p> 2- M.C.: GESTIONES PARA COLOCAR NUEVOS CAJEROS AUTOM\u00c1TICOS EN LA CIUDAD. <\/p>\n\n\n\n<p>C- BLOQUE JUSTICIALISTA: <\/p>\n\n\n\n<p>3- M.D.: ANIVERSARIO DEL FALLECIMIENTO DEL GENERAL JUAN DOMINGO PER\u00d3N.<\/p>\n\n\n\n<p> D- CONCEJO: <\/p>\n\n\n\n<p>4- M.D.: DECLARACI\u00d3N DE INTER\u00c9S CULTURAL A \u201cCIRCO CRIOLLO LA FERMINA\u201d. <\/p>\n\n\n\n<p>5- M.D.: D\u00cdA DE LA INDEPENDENCIA.<\/p>\n\n\n\n<p> 6- RES: RECESO DE SESIONES ORDINARIAS. <\/p>\n\n\n\n<p>INICIO A LAS 20:00 HORAS <\/p>\n","protected":false},"excerpt":{"rendered":"<p>1- ACTA ANTERIOR: \uf0b7 ACTA SESI\u00d3N ORDINARIA N\u00ba 1088 2- MENSAJES DEL D.E.: A- SECRETAR\u00cdA DE EDUCACI\u00d3N Y DESARROLLO INTEGRAL: 1- INVITACI\u00d3N A LA CHARLA MALVINAS: EDUCACI\u00d3N Y VALORES. 2- INVITACI\u00d3N AL ACTO POR EL D\u00cdA DE LA INDEPENDENCIA. 3- CORRESPONDENCIA: 1- BOMBEROS VOLUNTARIOS: INVITACI\u00d3N AL ACTO DE ASUNCI\u00d3N DE LA NUEVA JEFATURA DE CUERPO <a href=\"https:\/\/armstrongyregion.com.ar\/diario\/armstrong-orden-del-dia-5-de-julio-2022\/\" title=\"Read more\" >&#8230;<\/a><\/p>\n","protected":false},"author":1,"featured_media":32743,"comment_status":"open","ping_status":"open","sticky":false,"template":"","format":"image","meta":{"_jetpack_memberships_contains_paid_content":false,"footnotes":"","jetpack_publicize_message":"","jetpack_publicize_feature_enabled":true,"jetpack_social_post_already_shared":true,"jetpack_social_options":{"image_generator_settings":{"template":"highway","default_image_id":0,"enabled":false},"version":2}},"categories":[8,1,2,7,3],"tags":[],"class_list":["post-35016","post","type-post","status-publish","format-image","has-post-thumbnail","hentry","category-deliberando","category-diario-armstrong","category-locales","category-politica","category-region","post_format-post-format-image"],"jetpack_publicize_connections":[],"jetpack_featured_media_url":"https:\/\/armstrongyregion.com.ar\/diario\/wp-content\/uploads\/2021\/12\/concejo-extraord.27-12-21.jpg","jetpack_shortlink":"https:\/\/wp.me\/p62QDO-96M","jetpack_sharing_enabled":true,"amp_enabled":true,"_links":{"self":[{"href":"https:\/\/armstrongyregion.com.ar\/diario\/wp-json\/wp\/v2\/posts\/35016","targetHints":{"allow":["GET"]}}],"collection":[{"href":"https:\/\/armstrongyregion.com.ar\/diario\/wp-json\/wp\/v2\/posts"}],"about":[{"href":"https:\/\/armstrongyregion.com.ar\/diario\/wp-json\/wp\/v2\/types\/post"}],"author":[{"embeddable":true,"href":"https:\/\/armstrongyregion.com.ar\/diario\/wp-json\/wp\/v2\/users\/1"}],"replies":[{"embeddable":true,"href":"https:\/\/armstrongyregion.com.ar\/diario\/wp-json\/wp\/v2\/comments?post=35016"}],"version-history":[{"count":1,"href":"https:\/\/armstrongyregion.com.ar\/diario\/wp-json\/wp\/v2\/posts\/35016\/revisions"}],"predecessor-version":[{"id":35017,"href":"https:\/\/armstrongyregion.com.ar\/diario\/wp-json\/wp\/v2\/posts\/35016\/revisions\/35017"}],"wp:featuredmedia":[{"embeddable":true,"href":"https:\/\/armstrongyregion.com.ar\/diario\/wp-json\/wp\/v2\/media\/32743"}],"wp:attachment":[{"href":"https:\/\/armstrongyregion.com.ar\/diario\/wp-json\/wp\/v2\/media?parent=35016"}],"wp:term":[{"taxonomy":"category","embeddable":true,"href":"https:\/\/armstrongyregion.com.ar\/diario\/wp-json\/wp\/v2\/categories?post=35016"},{"taxonomy":"post_tag","embeddable":true,"href":"https:\/\/armstrongyregion.com.ar\/diario\/wp-json\/wp\/v2\/tags?post=35016"}],"curies":[{"name":"wp","href":"https:\/\/api.w.org\/{rel}","templated":true}]}}